{"id":986,"date":"2025-10-02T14:46:00","date_gmt":"2025-10-02T14:46:00","guid":{"rendered":"https:\/\/newsabsoluto.com.br\/?p=986"},"modified":"2025-10-02T14:46:00","modified_gmt":"2025-10-02T14:46:00","slug":"flotilha-global-sumud-onze-brasileiros-sao-capturados-por-israel","status":"publish","type":"post","link":"https:\/\/newsabsoluto.com.br\/?p=986","title":{"rendered":"Flotilha Global Sumud: onze brasileiros s\u00e3o capturados por Israel"},"content":{"rendered":"<p style=\"text-align:center\"><a class=\"\" href=\"https:\/\/agenciabrasil.ebc.com.br\/internacional\/noticia\/2025-10\/flotilha-global-sumud-onze-brasileiros-sao-capturados-por-israel\"> <img decoding=\"async\" src=\"https:\/\/cdn.jsdelivr.net\/gh\/sergiosdlima\/assets-ebc@1.0.0\/abr\/assets\/images\/logo-agenciabrasil.svg\" alt=\"Logo Ag\u00eancia Brasil\" style=\"height: 54px\"> <\/a><\/p>\n<p>O Movimento Global a Gaza que organizou a Flotilha Global Sumud, formada por cerca de 50 embarca\u00e7\u00f5es, divulgou um comunicado, na manh\u00e3 desta sexta-feira (2), ap\u00f3s a intercepta\u00e7\u00e3o de parte do grupo por for\u00e7as navais israelenses. <strong>De acordo com o movimento, que tenta furar o bloqueio \u00e0 Faixa de Gaza transportando ajuda humanit\u00e1ria, cerca de 443 volunt\u00e1rios de 47 pa\u00edses foram capturados pelas for\u00e7as de Israel.<\/strong><img decoding=\"async\" src=\"https:\/\/agenciabrasil.ebc.com.br\/ebc.png?id=1661143&amp;o=rss\" style=\"width:1px;height:1px\"><img decoding=\"async\" src=\"https:\/\/agenciabrasil.ebc.com.br\/ebc.gif?id=1661143&amp;o=rss\" style=\"width:1px;height:1px\"> <\/p>\n<p>O comunicado destaca ainda que, ap\u00f3s a busca por informa\u00e7\u00f5es sobre os integrantes da flotilha junto \u00e0s autoridades israelenses, a representa\u00e7\u00e3o jur\u00eddica do movimento n\u00e3o teve acesso sobre o paradeiro dos ativistas e se ser\u00e3o encaminhados a cidade de Ashdod.<\/p>\n<blockquote>\n<h3>Not\u00edcias relacionadas:<\/h3>\n<ul>\n<li><a href=\"https:\/\/agenciabrasil.ebc.com.br\/internacional\/noticia\/2025-10\/chancelaria-israelense-diz-que-integrantes-de-flotilha-estao-seguros\">Chancelaria israelense diz que integrantes de flotilha est\u00e3o seguros .<\/a><\/li>\n<li><a href=\"https:\/\/agenciabrasil.ebc.com.br\/internacional\/noticia\/2025-10\/dez-brasileiros-estao-entre-capturados-na-flotilha-de-ajuda-gaza\">Dez brasileiros est\u00e3o entre capturados na flotilha de ajuda a Gaza.<\/a><\/li>\n<li><a href=\"https:\/\/agenciabrasil.ebc.com.br\/internacional\/noticia\/2025-10\/flotilha-de-ajuda-gaza-diz-que-foi-interceptada-por-militares\">Flotilha de ajuda a Gaza diz que foi interceptada por militares .<\/a><\/li>\n<\/ul>\n<p>\u201cEste \u00e9 um sequestro ilegal, em viola\u00e7\u00e3o direta ao direito internacional e aos direitos humanos b\u00e1sicos. Interceptar embarca\u00e7\u00f5es humanit\u00e1rias em \u00e1guas internacionais \u00e9 um crime de guerra, negar acesso \u00e0 assessoria jur\u00eddica e ocultar paradeiro dos detidos agrava ainda mais esse crime\u201d, destaca o comunicado. <\/p><\/blockquote>\n<p><strong>Em diferentes embarca\u00e7\u00f5es h\u00e1 um total de 17 brasileiros. <\/strong>Nas redes sociais, o movimento internacional confirmou que entre os capturados est\u00e3o o ativista Thiago de \u00c1vila e Silva Oliveira, a deputada federal Luizianne\u00a0Lins (PT-CE) e a vereadora de Campinas, Mariana Conti (PSOL-SP), al\u00e9m de outros oito brasileiros: Bruno Gilga, Lisiane Proen\u00e7a Severo, Magno de Carvalho Costa, Ariadne Catarina Cardoso Teles, Mansur Peixoto, Gabrielle Da Silva Tolotti, Mohamad Sami El Kadri, Lucas Farias Gusm\u00e3o.<br \/> \u00a0<\/p>\n<div class=\"dnd-widget-wrapper context-cheio_8colunas type-image\">\n<div class=\"dnd-atom-rendered\"><!-- scald=427322:cheio_8colunas --> <img decoding=\"async\" src=\"\/sites\/default\/files\/thumbnails\/image\/loading_v2.gif\" data-echo=\"https:\/\/imagens.ebc.com.br\/wU2CLqxaVlu4e5GWAfiKLj-cKrI=\/754x0\/smart\/https:\/\/agenciabrasil.ebc.com.br\/sites\/default\/files\/thumbnails\/image\/2025\/06\/11\/bdf-20250610-214138-24b49b.jpg?itok=v1WMX-KA\" alt=\"Bras\u00edlia (DF), 11\/06\/2025 - Ativista Tiago \u00c1vila. Foto: Freedom Flotilha Coalition\/Instagram\" title=\"Freedom Flotilha Coalition\/Instagram\">  <!-- END scald=427322 --><\/div>\n<div class=\"dnd-caption-wrapper\">\n<div class=\"meta\"><!--copyright=427322-->Bras\u00edlia (DF), 11\/06\/2025 &#8211; Ativista Tiago \u00c1vila est\u00e1 entre os capturados. Foto: Freedom Flotilha Coalition\/Instagram &#8211; <strong>Freedom Flotilha Coalition\/Instagram<\/strong><!--END copyright=427322--><\/div><\/div>\n<\/div>\n<p>O comunicado informa ainda que outras embarca\u00e7\u00f5es teriam sido paradas por uma barreira formada em \u00e1guas internacionais. O navio Mikeno, navegando sob bandeira francesa, est\u00e1 sem contato e pode ter entrado em \u00e1guas territoriais palestinas de acordo com dados do sistema de identifica\u00e7\u00e3o autom\u00e1tico &#8211; AIS (na sigla em ingl\u00eas). A embarca\u00e7\u00e3o Marinette, navegando sob bandeira polonesa, continua conectado via Starlink e em comunica\u00e7\u00e3o, transportando um total de seis passageiros a bordo.<\/p>\n<h2>Itamaraty<\/h2>\n<p>Na noite dessa quinta-feira (1\u00ba), o Minist\u00e9rio das Rela\u00e7\u00f5es Exteriores manifestou preocupa\u00e7\u00e3o com cidad\u00e3s e cidad\u00e3os brasileiros participantes da flotilha de ajuda humanit\u00e1ria, destacando o princ\u00edpio da liberdade de navega\u00e7\u00e3o em \u00e1guas internacionais e o car\u00e1ter pac\u00edfico do movimento.<\/p>\n<blockquote>\n<p>\u201cO governo brasileiro deplora a a\u00e7\u00e3o militar do governo de Israel, que viola direitos e p\u00f5e em risco a integridade f\u00edsica de manifestantes em a\u00e7\u00e3o pac\u00edfica. No contexto dessa opera\u00e7\u00e3o militar conden\u00e1vel, passa a ser de responsabilidade de Israel a seguran\u00e7a das pessoas detidas\u201d, refor\u00e7a.<\/p>\n<\/blockquote>\n<p>O comunicado defende ainda o fim imediato e incondicional das restri\u00e7\u00f5es israelenses \u00e0 entrada e distribui\u00e7\u00e3o de ajuda humanit\u00e1ria na Faixa de Gaza e o cumprimento com as obriga\u00e7\u00f5es de um pa\u00eds ocupante frente ao direito internacional humanit\u00e1rio.<\/p>\n<p>O Itamaraty informa tamb\u00e9m que a Embaixada do Brasil em Tel Aviv presta toda a assist\u00eancia consular cab\u00edvel aos brasileiros, conforme estabelece a Conven\u00e7\u00e3o de Viena sobre Rela\u00e7\u00f5es Consulares.<\/p>\n","protected":false},"excerpt":{"rendered":"<p>O Movimento Global a Gaza que organizou a Flotilha Global Sumud, formada por cerca de 50 embarca\u00e7\u00f5es, divulgou um comunicado, na manh\u00e3 desta sexta-feira (2), ap\u00f3s a intercepta\u00e7\u00e3o de parte do grupo por for\u00e7as navais israelenses. De acordo com o movimento, que tenta furar o bloqueio \u00e0 Faixa de Gaza transportando ajuda humanit\u00e1ria, cerca de [&hellip;]<\/p>\n","protected":false},"author":1,"featured_media":987,"comment_status":"open","ping_status":"open","sticky":false,"template":"","format":"standard","meta":{"footnotes":""},"categories":[22],"tags":[],"class_list":["post-986","post","type-post","status-publish","format-standard","has-post-thumbnail","hentry","category-internacional"],"_links":{"self":[{"href":"https:\/\/newsabsoluto.com.br\/index.php?rest_route=\/wp\/v2\/posts\/986","targetHints":{"allow":["GET"]}}],"collection":[{"href":"https:\/\/newsabsoluto.com.br\/index.php?rest_route=\/wp\/v2\/posts"}],"about":[{"href":"https:\/\/newsabsoluto.com.br\/index.php?rest_route=\/wp\/v2\/types\/post"}],"author":[{"embeddable":true,"href":"https:\/\/newsabsoluto.com.br\/index.php?rest_route=\/wp\/v2\/users\/1"}],"replies":[{"embeddable":true,"href":"https:\/\/newsabsoluto.com.br\/index.php?rest_route=%2Fwp%2Fv2%2Fcomments&post=986"}],"version-history":[{"count":0,"href":"https:\/\/newsabsoluto.com.br\/index.php?rest_route=\/wp\/v2\/posts\/986\/revisions"}],"wp:featuredmedia":[{"embeddable":true,"href":"https:\/\/newsabsoluto.com.br\/index.php?rest_route=\/wp\/v2\/media\/987"}],"wp:attachment":[{"href":"https:\/\/newsabsoluto.com.br\/index.php?rest_route=%2Fwp%2Fv2%2Fmedia&parent=986"}],"wp:term":[{"taxonomy":"category","embeddable":true,"href":"https:\/\/newsabsoluto.com.br\/index.php?rest_route=%2Fwp%2Fv2%2Fcategories&post=986"},{"taxonomy":"post_tag","embeddable":true,"href":"https:\/\/newsabsoluto.com.br\/index.php?rest_route=%2Fwp%2Fv2%2Ftags&post=986"}],"curies":[{"name":"wp","href":"https:\/\/api.w.org\/{rel}","templated":true}]}}