{"id":984,"date":"2025-10-02T17:58:00","date_gmt":"2025-10-02T17:58:00","guid":{"rendered":"https:\/\/newsabsoluto.com.br\/?p=984"},"modified":"2025-10-02T17:58:00","modified_gmt":"2025-10-02T17:58:00","slug":"deputada-presa-em-flotilha-pede-fim-de-relacoes-economicas-com-israel","status":"publish","type":"post","link":"https:\/\/newsabsoluto.com.br\/?p=984","title":{"rendered":"Deputada presa em flotilha pede fim de rela\u00e7\u00f5es econ\u00f4micas com Israel"},"content":{"rendered":"<p style=\"text-align:center\"><a class=\"\" href=\"https:\/\/agenciabrasil.ebc.com.br\/internacional\/noticia\/2025-10\/deputada-presa-em-flotilha-pede-fim-de-relacoes-economicas-com-israel\"> <img decoding=\"async\" src=\"https:\/\/cdn.jsdelivr.net\/gh\/sergiosdlima\/assets-ebc@1.0.0\/abr\/assets\/images\/logo-agenciabrasil.svg\" alt=\"Logo Ag\u00eancia Brasil\" style=\"height: 54px\"> <\/a><\/p>\n<p>\u201cPe\u00e7o ao meu governo para acabar com qualquer rela\u00e7\u00e3o econ\u00f4mica com Israel e a me levar para casa. Pare o genoc\u00eddio em Gaza\u201d, diz a deputada federal Luizianne Lins (PT-CE), em v\u00eddeo divulgado ap\u00f3s <a href=\"https:\/\/agenciabrasil.ebc.com.br\/internacional\/noticia\/2025-10\/flotilha-global-sumud-onze-brasileiros-sao-capturados-por-israel\">a intercepta\u00e7\u00e3o da Flotilha Global Sumud<\/a>, que tentava furar bloqueio \u00e0 Faixa de Gaza\u00a0com ajuda humanit\u00e1ria. A parlamentar estava a bordo da embarca\u00e7\u00e3o Grande Blu e foi uma das capturadas por for\u00e7as israelenses.<img decoding=\"async\" src=\"https:\/\/agenciabrasil.ebc.com.br\/ebc.png?id=1661190&amp;o=rss\" style=\"width:1px;height:1px\"><img decoding=\"async\" src=\"https:\/\/agenciabrasil.ebc.com.br\/ebc.gif?id=1661190&amp;o=rss\" style=\"width:1px;height:1px\"> <\/p>\n<p>Pelas redes sociais, o Movimento Global a Gaza divulgou imagens de c\u00e2meras da embarca\u00e7\u00e3o no momento em que os tripulantes foram abordados por militares armados. Em outra publica\u00e7\u00e3o, em um v\u00eddeo pr\u00e9-gravado, a deputada federal afirma: \u201cse voc\u00ea esta assistindo este v\u00eddeo \u00e9 porque eu fui sequestrada pelas for\u00e7as de ocupa\u00e7\u00e3o israelense e levada contra a minha vontade\u201d.<\/p>\n<h3>Not\u00edcias relacionadas:<\/h3>\n<ul>\n<li><a href=\"https:\/\/agenciabrasil.ebc.com.br\/internacional\/noticia\/2025-10\/flotilha-global-sumud-onze-brasileiros-sao-capturados-por-israel\">Flotilha Global Sumud: onze brasileiros s\u00e3o capturados por Israel.<\/a><\/li>\n<li><a href=\"https:\/\/agenciabrasil.ebc.com.br\/internacional\/noticia\/2025-10\/chancelaria-israelense-diz-que-integrantes-de-flotilha-estao-seguros\">Chancelaria israelense diz que integrantes de flotilha est\u00e3o seguros .<\/a><\/li>\n<li><a href=\"https:\/\/agenciabrasil.ebc.com.br\/internacional\/noticia\/2025-10\/flotilha-de-ajuda-gaza-diz-que-foi-interceptada-por-militares\">Flotilha de ajuda a Gaza diz que foi interceptada por militares .<\/a><\/li>\n<\/ul>\n<p><a href=\"https:\/\/agenciabrasil.ebc.com.br\/internacional\/noticia\/2025-10\/flotilha-global-sumud-onze-brasileiros-sao-capturados-por-israel\">&gt;&gt;\u00a0Onze brasileiros est\u00e3o entre capturados na flotilha de ajuda a Gaza<\/a> <\/p>\n<p>Em uma postagem na rede social X, <a href=\"https:\/\/agenciabrasil.ebc.com.br\/internacional\/noticia\/2025-10\/chancelaria-israelense-diz-que-integrantes-de-flotilha-estao-seguros\">o Minist\u00e9rio das Rela\u00e7\u00f5es Exteriores de Israel disse que &#8220;todos os passageiros est\u00e3o seguros e em boas condi\u00e7\u00f5es de sa\u00fade&#8221;<\/a>. Segundo a chancelaria, ap\u00f3s desembarcar em Israel, os tripulantes ser\u00e3o deportados para a Europa.<\/p>\n<p>O Minist\u00e9rio das Rela\u00e7\u00f5es Exteriores do Brasil manifestou preocupa\u00e7\u00e3o com cidad\u00e3s e cidad\u00e3os brasileiros participantes da flotilha de ajuda humanit\u00e1ria, destacando o princ\u00edpio da liberdade de navega\u00e7\u00e3o em \u00e1guas internacionais e o car\u00e1ter pac\u00edfico do movimento.<\/p>\n<p>\u201cO governo brasileiro deplora a a\u00e7\u00e3o militar do governo de Israel, que viola direitos e p\u00f5e em risco a integridade f\u00edsica de manifestantes em a\u00e7\u00e3o pac\u00edfica. No contexto dessa opera\u00e7\u00e3o militar conden\u00e1vel, passa a ser de responsabilidade de Israel a seguran\u00e7a das pessoas detidas\u201d, refor\u00e7a.<\/p>\n<h2>Miss\u00e3o humanit\u00e1ria<\/h2>\n<p>A delega\u00e7\u00e3o brasileira que participa\u00a0da\u00a0Flotilha \u00e9 formada por 17 integrantes. Ao todo, mais de 500 pessoas, de diferentes nacionalidades, se\u00a0uniram ao protesto que se identifica como uma a\u00e7\u00e3o pac\u00edfica e n\u00e3o violenta contra o genoc\u00eddio em Gaza.<\/p>\n<p>Elas navegavam no Mar Mediterr\u00e2neo em dire\u00e7\u00e3o ao enclave palestino, em\u00a0cerca de 40 embarca\u00e7\u00f5es. De acordo com o Movimento Global a Gaza, cerca de 443 volunt\u00e1rios de 47 pa\u00edses foram capturados pelas for\u00e7as de Israel.<\/p>\n<p>A inten\u00e7\u00e3o do protesto era levar ajuda humanit\u00e1ria \u00e0 Faixa de Gaza, territ\u00f3rio que est\u00e1 sob agress\u00e3o\u00a0e\u00a0bloqueio israelense h\u00e1 quase dois anos, desde que Tel Aviv iniciou os ataques de resposta a um atentado do Hamas que deixou cerca de 1,2 mil mortos e fez mais de 200 ref\u00e9ns.<\/p>\n<p>Os bombardeios e incurs\u00f5es em terra de militares israelenses j\u00e1 causaram mais de 60 mil mortes no enclave palestino, que tamb\u00e9m sofre com a escassez de medicamentos, combust\u00edveis e alimentos. Organiza\u00e7\u00f5es de defesa dos direitos humanos e governos de diversos pa\u00edses, incluindo o Brasil, classificam o massacre como um genoc\u00eddio, que busca remover a popula\u00e7\u00e3o palestina de Gaza, um dos poucos territ\u00f3rios que permanecem sob administra\u00e7\u00e3o palestina.\u00a0<\/p>\n<p>Deputada federal desde 2015, Luizianne Lins est\u00e1 no terceiro mandato, eleita pelo estado do Cear\u00e1. Antes, cumpriu mandatos como vereadora, deputada estadual e prefeita da cidade de Fortaleza por dois mandatos.<\/p>\n<p>Nas redes sociais da deputada, uma publica\u00e7\u00e3o foi postada na noite de quarta-feira (1\u00ba) com a mensagem \u201cUrgente: a deputada brasileira Luizianne Lins (PT), o ativista Thiago \u00c1vila e a ambientalista Greta Thunberg foram sequestrados por Israel enquanto levavam ajuda humanit\u00e1ria \u00e0 Palestina\u201d.<\/p>\n<p>A mensagem acrescenta: \u201cmais uma vez, o governo de Bejamin Netanyahu demonstra desprezo pelas normas internacionais e pela solidariedade humana, fortalecendo o sofrimento do povo palestino e colocando em risco a vida de quem luta por justi\u00e7a.\u201d<\/p>\n<p>Diversas autoridades publicaram manifesta\u00e7\u00f5es de solidariedade \u00e0 deputada federal e aos outros ativistas, como o ministro da educa\u00e7\u00e3o, Camilo Santana;\u00a0o prefeito de Fortaleza, Evandro Leit\u00e3o;\u00a0e o presidente da C\u00e2mara dos Deputados, Hugo Motta, que afirmou estar em contato com o ministro das Rela\u00e7\u00f5es Exteriores, Mauro Vieira.<\/p>\n<p>&#8220;Solicitei o apoio do Itamaraty para que a parlamentar e os demais cidad\u00e3os brasileiros capturados recebam a devida prote\u00e7\u00e3o consular&#8221;, disse Motta.<\/p>\n","protected":false},"excerpt":{"rendered":"<p>\u201cPe\u00e7o ao meu governo para acabar com qualquer rela\u00e7\u00e3o econ\u00f4mica com Israel e a me levar para casa. Pare o genoc\u00eddio em Gaza\u201d, diz a deputada federal Luizianne Lins (PT-CE), em v\u00eddeo divulgado ap\u00f3s a intercepta\u00e7\u00e3o da Flotilha Global Sumud, que tentava furar bloqueio \u00e0 Faixa de Gaza\u00a0com ajuda humanit\u00e1ria. A parlamentar estava a bordo [&hellip;]<\/p>\n","protected":false},"author":1,"featured_media":985,"comment_status":"open","ping_status":"open","sticky":false,"template":"","format":"standard","meta":{"footnotes":""},"categories":[22],"tags":[],"class_list":["post-984","post","type-post","status-publish","format-standard","has-post-thumbnail","hentry","category-internacional"],"_links":{"self":[{"href":"https:\/\/newsabsoluto.com.br\/index.php?rest_route=\/wp\/v2\/posts\/984","targetHints":{"allow":["GET"]}}],"collection":[{"href":"https:\/\/newsabsoluto.com.br\/index.php?rest_route=\/wp\/v2\/posts"}],"about":[{"href":"https:\/\/newsabsoluto.com.br\/index.php?rest_route=\/wp\/v2\/types\/post"}],"author":[{"embeddable":true,"href":"https:\/\/newsabsoluto.com.br\/index.php?rest_route=\/wp\/v2\/users\/1"}],"replies":[{"embeddable":true,"href":"https:\/\/newsabsoluto.com.br\/index.php?rest_route=%2Fwp%2Fv2%2Fcomments&post=984"}],"version-history":[{"count":0,"href":"https:\/\/newsabsoluto.com.br\/index.php?rest_route=\/wp\/v2\/posts\/984\/revisions"}],"wp:featuredmedia":[{"embeddable":true,"href":"https:\/\/newsabsoluto.com.br\/index.php?rest_route=\/wp\/v2\/media\/985"}],"wp:attachment":[{"href":"https:\/\/newsabsoluto.com.br\/index.php?rest_route=%2Fwp%2Fv2%2Fmedia&parent=984"}],"wp:term":[{"taxonomy":"category","embeddable":true,"href":"https:\/\/newsabsoluto.com.br\/index.php?rest_route=%2Fwp%2Fv2%2Fcategories&post=984"},{"taxonomy":"post_tag","embeddable":true,"href":"https:\/\/newsabsoluto.com.br\/index.php?rest_route=%2Fwp%2Fv2%2Ftags&post=984"}],"curies":[{"name":"wp","href":"https:\/\/api.w.org\/{rel}","templated":true}]}}