{"id":960,"date":"2025-10-02T23:37:00","date_gmt":"2025-10-02T23:37:00","guid":{"rendered":"https:\/\/newsabsoluto.com.br\/?p=960"},"modified":"2025-10-02T23:37:00","modified_gmt":"2025-10-02T23:37:00","slug":"brasil-cobra-de-israel-libertacao-de-brasileiros-detidos-em-flotilha","status":"publish","type":"post","link":"https:\/\/newsabsoluto.com.br\/?p=960","title":{"rendered":"Brasil cobra de Israel liberta\u00e7\u00e3o de brasileiros detidos em flotilha"},"content":{"rendered":"<p style=\"text-align:center\"><a class=\"\" href=\"https:\/\/agenciabrasil.ebc.com.br\/internacional\/noticia\/2025-10\/brasil-cobra-de-israel-libertacao-de-brasileiros-detidos-em-flotilha\"> <img decoding=\"async\" src=\"https:\/\/cdn.jsdelivr.net\/gh\/sergiosdlima\/assets-ebc@1.0.0\/abr\/assets\/images\/logo-agenciabrasil.svg\" alt=\"Logo Ag\u00eancia Brasil\" style=\"height: 54px\"> <\/a><\/p>\n<p>O <strong>Minist\u00e9rio das Rela\u00e7\u00f5es Exteriores divulgou nota, nesta quinta-feira (2), cobrando a liberta\u00e7\u00e3o imediata\u00a0dos brasileiros detidos ap\u00f3s intercepta\u00e7\u00e3o da flotilha a caminho de Gaza por militares israelenses.<\/strong>\u00a0<img decoding=\"async\" src=\"https:\/\/agenciabrasil.ebc.com.br\/ebc.png?id=1661235&amp;o=rss\" style=\"width:1px;height:1px\"><img decoding=\"async\" src=\"https:\/\/agenciabrasil.ebc.com.br\/ebc.gif?id=1661235&amp;o=rss\" style=\"width:1px;height:1px\"> <\/p>\n<blockquote>\n<p>&#8220;O Brasil exorta o governo israelense a liberar imediatamente os cidad\u00e3os brasileiros e demais defensores de direitos humanos detidos&#8221;, diz o comunicado.<\/p>\n<\/blockquote>\n<h3>Not\u00edcias relacionadas:<\/h3>\n<ul>\n<li><a href=\"https:\/\/agenciabrasil.ebc.com.br\/internacional\/noticia\/2025-10\/familiares-vivem-apreensao-apos-captura-de-brasileiros-por-israel\">Familiares vivem apreens\u00e3o ap\u00f3s captura de brasileiros por Israel.<\/a><\/li>\n<\/ul>\n<p>O <strong>governo exige ainda a permiss\u00e3o de visitas de integrantes da Embaixada do Brasil em Tel Aviv aos ativistas brasileiros<\/strong> detidos ilegalmente.\u00a0\u00a0 <\/p>\n<p>A Flotilha Global Sumud, formada por cerca de 50 embarca\u00e7\u00f5es e\u00a0que tenta furar o bloqueio \u00e0 Faixa de Gaza transportando ajuda humanit\u00e1ria, <strong>informou que cerca de 443 volunt\u00e1rios de 47 pa\u00edses foram capturados pelas for\u00e7as de Israel<\/strong> durante uma intercepta\u00e7\u00e3o em \u00e1guas internacionais. <strong>H\u00e1 11\u00a0brasileiros presos.<\/strong><\/p>\n<p>Segundo o Itamaraty, a <strong>chancelaria israelense j\u00e1 foi notificada da discord\u00e2ncia brasileira com a a\u00e7\u00e3o<\/strong>.\u00a0<\/p>\n<p>Para o governo brasileiro, a <strong>intercepta\u00e7\u00e3o fere direito internacional de liberdade de navega\u00e7\u00e3o<\/strong>, previsto por conven\u00e7\u00e3o das Na\u00e7\u00f5es Unidas, al\u00e9m da &#8220;deten\u00e7\u00e3o ilegal de ativistas pac\u00edficos&#8221;.\u00a0<\/p>\n<blockquote>\n<p>&#8220;Opera\u00e7\u00f5es de car\u00e1ter estritamente humanit\u00e1rio devem ser autorizadas e facilitadas por todas as partes em conflito, n\u00e3o podendo ser arbitrariamente obstadas ou consideradas il\u00edcitas. O Brasil conclama a comunidade internacional a exigir de Israel a cessa\u00e7\u00e3o do bloqueio \u00e0 Gaza, por constituir grave viola\u00e7\u00e3o ao direito internacional humanit\u00e1rio&#8221;, informa.\u00a0<\/p>\n<\/blockquote>\n<p>O Brasil defende que Israel &#8220;dever\u00e1 ser responsabilizado por quaisquer atos ilegais e violentos cometidos contra a Flotilha e contra os ativistas pac\u00edficos que dela participam e dever\u00e1 assegurar sua seguran\u00e7a, o bem-estar e integridade f\u00edsica enquanto permanecerem sob a cust\u00f3dia de autoridades israelenses&#8221;.<\/p>\n<h2>Intercepta\u00e7\u00e3o<\/h2>\n<p>Na noite desta quarta-feira (1\u00ba), a\u00a0flotilha internacional informou, em postagens nas redes sociais, que\u00a0estava sofrendo agress\u00f5es das for\u00e7as israelenses e que sofreu uma intercepta\u00e7\u00e3o ilegal em \u00e1guas internacionais.\u00a0<\/p>\n<p>Dos capturados, <a href=\"https:\/\/agenciabrasil.ebc.com.br\/internacional\/noticia\/2025-10\/flotilha-global-sumud-onze-brasileiros-sao-capturados-por-israel\" target=\"_blank\">11 s\u00e3o brasileiros<\/a>, conforme a flotilha. Entre eles,\u00a0est\u00e3o o ativista Thiago de \u00c1vila e Silva Oliveira, a <a href=\"https:\/\/agenciabrasil.ebc.com.br\/internacional\/noticia\/2025-10\/deputada-presa-em-flotilha-pede-fim-de-relacoes-economicas-com-israel\" target=\"_blank\">deputada federal Luizianne\u00a0Lins (PT-CE)<\/a>\u00a0e a vereadora de Campinas, Mariana Conti (PSOL-SP), al\u00e9m de Bruno Gilga, Lisiane Proen\u00e7a Severo, Magno de Carvalho Costa, Ariadne Catarina Cardoso Teles, Mansur Peixoto, Gabrielle Da Silva Tolotti, Mohamad Sami El Kadri, Lucas Farias Gusm\u00e3o.<\/p>\n<p>Essa \u00e9 a mais recente tentativa mar\u00edtima de romper o bloqueio israelense a Gaza, onde maior parte do territ\u00f3rio foi reduzida a um terreno baldio ap\u00f3s quase dois anos de guerra, para levar ajuda humanit\u00e1ria, como alimentos e rem\u00e9dios, para o povo palestino.\u00a0<\/p>\n<p>Em uma postagem no X, o Minist\u00e9rio das Rela\u00e7\u00f5es Exteriores de Israel diz que<a href=\"https:\/\/agenciabrasil.ebc.com.br\/internacional\/noticia\/2025-10\/chancelaria-israelense-diz-que-integrantes-de-flotilha-estao-seguros\" target=\"_blank\"> &#8220;todos os passageiros est\u00e3o seguros e em boas condi\u00e7\u00f5es de sa\u00fade&#8221;<\/a>. &#8220;Eles est\u00e3o chegando em seguran\u00e7a a Israel, de onde ser\u00e3o deportados para a Europa&#8221;, disse.<\/p>\n<p>A intercepta\u00e7\u00e3o dos\u00a0barcos provocou condena\u00e7\u00e3o internacional.<\/p>\n","protected":false},"excerpt":{"rendered":"<p>O Minist\u00e9rio das Rela\u00e7\u00f5es Exteriores divulgou nota, nesta quinta-feira (2), cobrando a liberta\u00e7\u00e3o imediata\u00a0dos brasileiros detidos ap\u00f3s intercepta\u00e7\u00e3o da flotilha a caminho de Gaza por militares israelenses.\u00a0 &#8220;O Brasil exorta o governo israelense a liberar imediatamente os cidad\u00e3os brasileiros e demais defensores de direitos humanos detidos&#8221;, diz o comunicado. Not\u00edcias relacionadas: Familiares vivem apreens\u00e3o ap\u00f3s [&hellip;]<\/p>\n","protected":false},"author":1,"featured_media":961,"comment_status":"open","ping_status":"open","sticky":false,"template":"","format":"standard","meta":{"footnotes":""},"categories":[22],"tags":[],"class_list":["post-960","post","type-post","status-publish","format-standard","has-post-thumbnail","hentry","category-internacional"],"_links":{"self":[{"href":"https:\/\/newsabsoluto.com.br\/index.php?rest_route=\/wp\/v2\/posts\/960","targetHints":{"allow":["GET"]}}],"collection":[{"href":"https:\/\/newsabsoluto.com.br\/index.php?rest_route=\/wp\/v2\/posts"}],"about":[{"href":"https:\/\/newsabsoluto.com.br\/index.php?rest_route=\/wp\/v2\/types\/post"}],"author":[{"embeddable":true,"href":"https:\/\/newsabsoluto.com.br\/index.php?rest_route=\/wp\/v2\/users\/1"}],"replies":[{"embeddable":true,"href":"https:\/\/newsabsoluto.com.br\/index.php?rest_route=%2Fwp%2Fv2%2Fcomments&post=960"}],"version-history":[{"count":0,"href":"https:\/\/newsabsoluto.com.br\/index.php?rest_route=\/wp\/v2\/posts\/960\/revisions"}],"wp:featuredmedia":[{"embeddable":true,"href":"https:\/\/newsabsoluto.com.br\/index.php?rest_route=\/wp\/v2\/media\/961"}],"wp:attachment":[{"href":"https:\/\/newsabsoluto.com.br\/index.php?rest_route=%2Fwp%2Fv2%2Fmedia&parent=960"}],"wp:term":[{"taxonomy":"category","embeddable":true,"href":"https:\/\/newsabsoluto.com.br\/index.php?rest_route=%2Fwp%2Fv2%2Fcategories&post=960"},{"taxonomy":"post_tag","embeddable":true,"href":"https:\/\/newsabsoluto.com.br\/index.php?rest_route=%2Fwp%2Fv2%2Ftags&post=960"}],"curies":[{"name":"wp","href":"https:\/\/api.w.org\/{rel}","templated":true}]}}