{"id":950,"date":"2025-10-02T18:00:00","date_gmt":"2025-10-02T18:00:00","guid":{"rendered":"https:\/\/newsabsoluto.com.br\/?p=950"},"modified":"2025-10-02T18:00:00","modified_gmt":"2025-10-02T18:00:00","slug":"lula-diz-que-gestor-que-deixa-obra-parada-deve-ser-preso","status":"publish","type":"post","link":"https:\/\/newsabsoluto.com.br\/?p=950","title":{"rendered":"Lula diz que gestor que deixa obra parada deve ser preso"},"content":{"rendered":"<p style=\"text-align:center\"><a class=\"\" href=\"https:\/\/agenciabrasil.ebc.com.br\/politica\/noticia\/2025-10\/lula-diz-que-gestor-que-deixa-obra-parada-deve-ser-preso\"> <img decoding=\"async\" src=\"https:\/\/cdn.jsdelivr.net\/gh\/sergiosdlima\/assets-ebc@1.0.0\/abr\/assets\/images\/logo-agenciabrasil.svg\" alt=\"Logo Ag\u00eancia Brasil\" style=\"height: 54px\"> <\/a><\/p>\n<p><strong>O presidente Luiz In\u00e1cio Lula da Silva afirmou, nesta quinta-feira (2), que gestores que deixam obras paradas deveriam ser presos por irresponsabilidade<\/strong>. Em Breves, no Par\u00e1, ele anunciou investimentos na infraestrutura educacional da Ilha do Maraj\u00f3 e entregou tr\u00eas unidades de ensino, uma delas iniciada em 2011 e paralisada junto com mais de 100 na regi\u00e3o.<img decoding=\"async\" src=\"https:\/\/agenciabrasil.ebc.com.br\/ebc.png?id=1661191&amp;o=rss\" style=\"width:1px;height:1px\"><img decoding=\"async\" src=\"https:\/\/agenciabrasil.ebc.com.br\/ebc.gif?id=1661191&amp;o=rss\" style=\"width:1px;height:1px\"> <\/p>\n<p><a href=\"https:\/\/agenciabrasil.ebc.com.br\/politica\/noticia\/2025-10\/na-ilha-de-marajo-lula-inaugura-creche-que-ficou-com-obra-paralisada\" target=\"_blank\">Com um investimento de R$ 126,9 milh\u00f5es do Novo Programa de Acelera\u00e7\u00e3o do Crescimento (PAC), as obras foram retomadas nesta gest\u00e3o<\/a>.<\/p>\n<h3>Not\u00edcias relacionadas:<\/h3>\n<ul>\n<li><a href=\"https:\/\/agenciabrasil.ebc.com.br\/politica\/noticia\/2025-10\/na-ilha-de-marajo-lula-inaugura-creche-que-ficou-com-obra-paralisada\">Na Ilha de Maraj\u00f3, Lula inaugura creche que ficou com obra paralisada.<\/a><\/li>\n<li><a href=\"https:\/\/agenciabrasil.ebc.com.br\/meio-ambiente\/noticia\/2025-05\/agroindustria-beneficia-bioativos-com-energia-limpa-na-ilha-do-marajo\">Agroind\u00fastria beneficia bioativos com energia limpa na Ilha do Maraj\u00f3.<\/a><\/li>\n<li><a href=\"https:\/\/agenciabrasil.ebc.com.br\/geral\/noticia\/2024-02\/governo-federal-reconhece-decretos-de-emergencia-no-amapa\">Governo Federal reconhece decretos de emerg\u00eancia no Amap\u00e1.<\/a><\/li>\n<\/ul>\n<p>\u201cObras est\u00e3o sendo inauguradas 15 anos depois. Eu, sinceramente, acho que muitos administradores p\u00fablicos deveriam ser presos por irresponsabilidade porque quando voc\u00ea deixa uma obra paralisada porque foi o seu advers\u00e1rio que come\u00e7ou a fazer a obra, voc\u00ea n\u00e3o est\u00e1 tendo nenhum respeito pelo povo da sua cidade\u201d, disse. <\/p>\n<h2>\u00c1gua e energia el\u00e9trica<\/h2>\n<p><strong>Lula se comprometeu, ainda, com outras demandas da regi\u00e3o do Maraj\u00f3, com o acesso \u00e0 \u00e1gua e energia el\u00e9trica, a\u00e7\u00f5es em sa\u00fade e a constru\u00e7\u00e3o de uma universidade<\/strong>.<\/p>\n<p>No primeiro compromisso da manh\u00e3, o presidente da Rep\u00fablica inaugurou a creche Professor Afonso Brito da Cruz, que come\u00e7ou a ser constru\u00edda em 2011. Em seguida, em cerim\u00f4nia transmitida pelas redes sociais, Lula entregou duas unidades de ensino fundamental: a escola S\u00e3o Sebasti\u00e3o Rio Lim\u00e3o do Japichaua, na zona rural de Breves, e a escola Francisco Chagas da Costa, em Melga\u00e7o.<\/p>\n<p>Foi assinada ordem de servi\u00e7o que marca a retomada de sete obras da educa\u00e7\u00e3o em Melga\u00e7o. S\u00e3o mais de R$ 3 milh\u00f5es em investimentos para a constru\u00e7\u00e3o de duas escolas de duas salas, tr\u00eas escolas de seis salas, uma creche pr\u00e9-escola e uma quadra escolar coberta com vesti\u00e1rio.<\/p>\n<p><strong>Atualmente, 115 empreendimentos da Ilha do Maraj\u00f3 est\u00e3o no Pacto Nacional pela Retomada de Obras da Educa\u00e7\u00e3o B\u00e1sica. Em todo o pa\u00eds, 2.544 obras est\u00e3o aprovadas para retomada e 507 foram conclu\u00eddas<\/strong>.<\/p>\n<p>Al\u00e9m da retomada de obras, a Ilha do Maraj\u00f3 foi contemplada, em 2024, para a primeira fase do projeto FNDE Chegando Junto, do Fundo Nacional de Desenvolvimento da Educa\u00e7\u00e3o (FNDE), do Minist\u00e9rio da Educa\u00e7\u00e3o.<\/p>\n<p>O objetivo \u00e9 assegurar maior efici\u00eancia \u00e0s pol\u00edticas p\u00fablicas com assist\u00eancia t\u00e9cnica e monitoramento educacional.<\/p>\n<h2>Indicadores t\u00e9cnicos<\/h2>\n<p>A iniciativa busca levar &#8211; de forma integrada, intensiva e priorit\u00e1ria &#8211; todos os programas e a\u00e7\u00f5es desenvolvidas pela autarquia federal a determinadas regi\u00f5es do pa\u00eds, selecionadas a partir de crit\u00e9rios e indicadores t\u00e9cnicos que retratam a necessidade de atua\u00e7\u00e3o mais espec\u00edfica.<\/p>\n<p><strong>O FNDE Chegando Junto promove a\u00e7\u00f5es para garantir alimenta\u00e7\u00e3o escolar, valoriza\u00e7\u00e3o de profissionais da educa\u00e7\u00e3o, transporte e livros did\u00e1ticos, entre outros<\/strong>.<\/p>\n<p>Na primeira fase, foram contemplados o Amap\u00e1 e a regi\u00e3o do Maraj\u00f3, no Par\u00e1. Em 2025, na segunda etapa, os estados contemplados s\u00e3o Maranh\u00e3o e Roraima.<\/p>\n<p><strong>Ap\u00f3s os compromissos no Maraj\u00f3, ainda hoje, em Bel\u00e9m, Lula visitar\u00e1 obras relacionadas \u00e0 prepara\u00e7\u00e3o para a 30\u00aa Confer\u00eancia das Na\u00e7\u00f5es Unidas sobre Mudan\u00e7as Clim\u00e1ticas (COP30), que ser\u00e1 em\u00a0novembro na capital paraense.<\/strong><\/p>\n","protected":false},"excerpt":{"rendered":"<p>O presidente Luiz In\u00e1cio Lula da Silva afirmou, nesta quinta-feira (2), que gestores que deixam obras paradas deveriam ser presos por irresponsabilidade. Em Breves, no Par\u00e1, ele anunciou investimentos na infraestrutura educacional da Ilha do Maraj\u00f3 e entregou tr\u00eas unidades de ensino, uma delas iniciada em 2011 e paralisada junto com mais de 100 na [&hellip;]<\/p>\n","protected":false},"author":1,"featured_media":951,"comment_status":"open","ping_status":"open","sticky":false,"template":"","format":"standard","meta":{"footnotes":""},"categories":[12],"tags":[],"class_list":["post-950","post","type-post","status-publish","format-standard","has-post-thumbnail","hentry","category-politica"],"_links":{"self":[{"href":"https:\/\/newsabsoluto.com.br\/index.php?rest_route=\/wp\/v2\/posts\/950","targetHints":{"allow":["GET"]}}],"collection":[{"href":"https:\/\/newsabsoluto.com.br\/index.php?rest_route=\/wp\/v2\/posts"}],"about":[{"href":"https:\/\/newsabsoluto.com.br\/index.php?rest_route=\/wp\/v2\/types\/post"}],"author":[{"embeddable":true,"href":"https:\/\/newsabsoluto.com.br\/index.php?rest_route=\/wp\/v2\/users\/1"}],"replies":[{"embeddable":true,"href":"https:\/\/newsabsoluto.com.br\/index.php?rest_route=%2Fwp%2Fv2%2Fcomments&post=950"}],"version-history":[{"count":0,"href":"https:\/\/newsabsoluto.com.br\/index.php?rest_route=\/wp\/v2\/posts\/950\/revisions"}],"wp:featuredmedia":[{"embeddable":true,"href":"https:\/\/newsabsoluto.com.br\/index.php?rest_route=\/wp\/v2\/media\/951"}],"wp:attachment":[{"href":"https:\/\/newsabsoluto.com.br\/index.php?rest_route=%2Fwp%2Fv2%2Fmedia&parent=950"}],"wp:term":[{"taxonomy":"category","embeddable":true,"href":"https:\/\/newsabsoluto.com.br\/index.php?rest_route=%2Fwp%2Fv2%2Fcategories&post=950"},{"taxonomy":"post_tag","embeddable":true,"href":"https:\/\/newsabsoluto.com.br\/index.php?rest_route=%2Fwp%2Fv2%2Ftags&post=950"}],"curies":[{"name":"wp","href":"https:\/\/api.w.org\/{rel}","templated":true}]}}