{"id":1326,"date":"2025-10-15T22:37:00","date_gmt":"2025-10-15T22:37:00","guid":{"rendered":"https:\/\/newsabsoluto.com.br\/?p=1326"},"modified":"2025-10-15T22:37:00","modified_gmt":"2025-10-15T22:37:00","slug":"brasil-faz-campanha-historica-no-mundial-de-halterofilismo-paralimpico","status":"publish","type":"post","link":"https:\/\/newsabsoluto.com.br\/?p=1326","title":{"rendered":"Brasil faz campanha hist\u00f3rica no Mundial de halterofilismo paral\u00edmpico"},"content":{"rendered":"<p style=\"text-align:center\"><a class=\"\" href=\"https:\/\/agenciabrasil.ebc.com.br\/esportes\/noticia\/2025-10\/brasil-faz-campanha-historica-no-mundial-de-halterofilismo-paralimpico\"> <img decoding=\"async\" src=\"https:\/\/cdn.jsdelivr.net\/gh\/sergiosdlima\/assets-ebc@1.0.0\/abr\/assets\/images\/logo-agenciabrasil.svg\" alt=\"Logo Ag\u00eancia Brasil\" style=\"height: 54px\"> <\/a><\/p>\n<p>O Brasil continua fazendo hist\u00f3ria no Mundial de halterofilismo paral\u00edmpico que est\u00e1 sendo disputado no Cairo (Egito). Nesta quarta-feira (15) a delega\u00e7\u00e3o brasileira superou a melhor campanha que tinha at\u00e9 ent\u00e3o na hist\u00f3ria da competi\u00e7\u00e3o gra\u00e7as \u00e0 conquista da medalha de bronze de Marco T\u00falio Cruz na categoria at\u00e9 49 quilos.<img decoding=\"async\" src=\"https:\/\/agenciabrasil.ebc.com.br\/ebc.png?id=1663048&amp;o=rss\" style=\"width:1px;height:1px\"><img decoding=\"async\" src=\"https:\/\/agenciabrasil.ebc.com.br\/ebc.gif?id=1663048&amp;o=rss\" style=\"width:1px;height:1px\"> <\/p>\n<p>O mineiro de 22 anos de idade conseguiu subir ao p\u00f3dio logo na sua estreia na competi\u00e7\u00e3o com a marca de 177 quilos (que ainda foi v\u00e1lida como o novo recorde das Am\u00e9ricas da sua faixa de peso). J\u00e1 a medalha de ouro foi conquistada pelo turco Abdullah Kayapinar, que levantou 179 quilos, e a prata ficou com o jordaniano Omar Sami Qarada, com a marca de 178 quilos.<\/p>\n<blockquote class=\"twitter-tweet\">\n<h3>Not\u00edcias relacionadas:<\/h3>\n<ul>\n<li><a href=\"https:\/\/agenciabrasil.ebc.com.br\/esportes\/noticia\/2025-10\/lara-lima-conquista-bronze-no-mundial-de-halterofilismo-paralimpico\">Lara Lima conquista bronze no Mundial de halterofilismo paral\u00edmpico.<\/a><\/li>\n<li><a href=\"https:\/\/agenciabrasil.ebc.com.br\/esportes\/noticia\/2025-10\/mariana-dandrea-conquista-prata-no-mundial-de-halterofilismo\">Mariana D\u2019Andrea conquista prata no Mundial de Halterofilismo.<\/a><\/li>\n<li><a href=\"https:\/\/agenciabrasil.ebc.com.br\/esportes\/noticia\/2025-10\/radio-nacional-transmite-emocoes-de-fortaleza-e-vasco\">R\u00e1dio Nacional transmite as emo\u00e7\u00f5es de Fortaleza e Vasco.<\/a><\/li>\n<\/ul>\n<p>\u00c9 RECORDE DE P\u00d3DIOS BRASILEIROS NA HIST\u00d3RIA DOS MUNDIAIS DE HALTEROFILISMO! \ud83c\udde7\ud83c\uddf7\ud83e\udd73<br \/> \ud83e\udd49 Com o bronze de Marco T\u00falio na categoria at\u00e9 49kg, o Brasil j\u00e1 registra a sua melhor campanha da hist\u00f3ria em provas individuais a tr\u00eas dias do fim da competi\u00e7\u00e3o no <a href=\"https:\/\/twitter.com\/hashtag\/Cairo2025?src=hash&amp;ref_src=twsrc%5Etfw\">#Cairo2025<\/a>.<br \/> Saiba mais:\u2026 <a href=\"https:\/\/t.co\/UxQ2wmYbTO\">pic.twitter.com\/UxQ2wmYbTO<\/a> \u2014 Comit\u00ea Paral\u00edmpico Brasileiro (@BraParalimpico) <a href=\"https:\/\/twitter.com\/BraParalimpico\/status\/1978534164237590864?ref_src=twsrc%5Etfw\">October 15, 2025<\/a><\/p><\/blockquote>\n<p>\u201c\u00c9 a melhor sensa\u00e7\u00e3o do mundo. Meu primeiro Mundial. Senti toda aquela energia. Quando cheguei aqui, pensei \u2018\u00e9 hoje!\u2019. Temos todo o trabalho mental que \u00e9 dif\u00edcil de controlar. Quando sa\u00ed de casa, falei para a minha m\u00e3e que voltaria com uma medalha. Estou muito feliz\u201d, declarou Marco T\u00falio.<\/p>\n<h2>Campanha hist\u00f3rica<\/h2>\n<p>Com a conquista de Marco T\u00falio, o Brasil chegou ao seu terceiro p\u00f3dio nas disputas individuais da competi\u00e7\u00e3o e superou a melhor campanha que tinha at\u00e9 ent\u00e3o, com duas medalhas (um ouro e um bronze) que havia obtido em Dubai 2023. Naquela ocasi\u00e3o, o pa\u00eds ainda ganhou uma prata por equipes femininas.<\/p>\n","protected":false},"excerpt":{"rendered":"<p>O Brasil continua fazendo hist\u00f3ria no Mundial de halterofilismo paral\u00edmpico que est\u00e1 sendo disputado no Cairo (Egito). Nesta quarta-feira (15) a delega\u00e7\u00e3o brasileira superou a melhor campanha que tinha at\u00e9 ent\u00e3o na hist\u00f3ria da competi\u00e7\u00e3o gra\u00e7as \u00e0 conquista da medalha de bronze de Marco T\u00falio Cruz na categoria at\u00e9 49 quilos. O mineiro de 22 [&hellip;]<\/p>\n","protected":false},"author":1,"featured_media":1327,"comment_status":"open","ping_status":"open","sticky":false,"template":"","format":"standard","meta":{"footnotes":""},"categories":[17],"tags":[],"class_list":["post-1326","post","type-post","status-publish","format-standard","has-post-thumbnail","hentry","category-esportes"],"_links":{"self":[{"href":"https:\/\/newsabsoluto.com.br\/index.php?rest_route=\/wp\/v2\/posts\/1326","targetHints":{"allow":["GET"]}}],"collection":[{"href":"https:\/\/newsabsoluto.com.br\/index.php?rest_route=\/wp\/v2\/posts"}],"about":[{"href":"https:\/\/newsabsoluto.com.br\/index.php?rest_route=\/wp\/v2\/types\/post"}],"author":[{"embeddable":true,"href":"https:\/\/newsabsoluto.com.br\/index.php?rest_route=\/wp\/v2\/users\/1"}],"replies":[{"embeddable":true,"href":"https:\/\/newsabsoluto.com.br\/index.php?rest_route=%2Fwp%2Fv2%2Fcomments&post=1326"}],"version-history":[{"count":0,"href":"https:\/\/newsabsoluto.com.br\/index.php?rest_route=\/wp\/v2\/posts\/1326\/revisions"}],"wp:featuredmedia":[{"embeddable":true,"href":"https:\/\/newsabsoluto.com.br\/index.php?rest_route=\/wp\/v2\/media\/1327"}],"wp:attachment":[{"href":"https:\/\/newsabsoluto.com.br\/index.php?rest_route=%2Fwp%2Fv2%2Fmedia&parent=1326"}],"wp:term":[{"taxonomy":"category","embeddable":true,"href":"https:\/\/newsabsoluto.com.br\/index.php?rest_route=%2Fwp%2Fv2%2Fcategories&post=1326"},{"taxonomy":"post_tag","embeddable":true,"href":"https:\/\/newsabsoluto.com.br\/index.php?rest_route=%2Fwp%2Fv2%2Ftags&post=1326"}],"curies":[{"name":"wp","href":"https:\/\/api.w.org\/{rel}","templated":true}]}}