{"id":1324,"date":"2025-10-15T23:07:00","date_gmt":"2025-10-15T23:07:00","guid":{"rendered":"https:\/\/newsabsoluto.com.br\/?p=1324"},"modified":"2025-10-15T23:07:00","modified_gmt":"2025-10-15T23:07:00","slug":"copa-america-de-futebol-pc-brasil-fecha-1a-fase-com-8-a-0-sobre-chile","status":"publish","type":"post","link":"https:\/\/newsabsoluto.com.br\/?p=1324","title":{"rendered":"Copa Am\u00e9rica de futebol PC: Brasil fecha 1\u00aa fase com 8 a 0 sobre Chile"},"content":{"rendered":"<p style=\"text-align:center\"><a class=\"\" href=\"https:\/\/agenciabrasil.ebc.com.br\/esportes\/noticia\/2025-10\/copa-america-de-futebol-pc-brasil-fecha-1a-fase-com-8-0-sobre-chile\"> <img decoding=\"async\" src=\"https:\/\/cdn.jsdelivr.net\/gh\/sergiosdlima\/assets-ebc@1.0.0\/abr\/assets\/images\/logo-agenciabrasil.svg\" alt=\"Logo Ag\u00eancia Brasil\" style=\"height: 54px\"> <\/a><\/p>\n<p>Com direito a uma goleada de 8 a 0 sobre o Chile, a sele\u00e7\u00e3o brasileira fechou nesta quarta-feira (15) a sua participa\u00e7\u00e3o na primeira fase da Copa Am\u00e9rica de futebol PC (paralisados cerebrais) que est\u00e1 sendo disputada em Punta Del Este (Uruguai). Agora, a sele\u00e7\u00e3o brasileira mede for\u00e7as com a Argentina nas semifinais da competi\u00e7\u00e3o.<img decoding=\"async\" src=\"https:\/\/agenciabrasil.ebc.com.br\/ebc.png?id=1663060&amp;o=rss\" style=\"width:1px;height:1px\"><img decoding=\"async\" src=\"https:\/\/agenciabrasil.ebc.com.br\/ebc.gif?id=1663060&amp;o=rss\" style=\"width:1px;height:1px\"> <\/p>\n<p>A equipe comandada pelo t\u00e9cnico Rodrigo Terra Cardoso fez uma grande campanha na primeira fase da Copa Am\u00e9rica, estreando com um triunfo de 7 a 0 sobre o Canad\u00e1, engatando uma goleada de 10 a 0 sobre o US PC Soccer e culminado com o 8 a 0 sobre o Chile.<\/p>\n<h3>Not\u00edcias relacionadas:<\/h3>\n<ul>\n<li><a href=\"https:\/\/agenciabrasil.ebc.com.br\/esportes\/noticia\/2025-10\/brasil-faz-campanha-historica-no-mundial-de-halterofilismo-paralimpico\">Brasil faz campanha hist\u00f3rica no Mundial de halterofilismo paral\u00edmpico.<\/a><\/li>\n<li><a href=\"https:\/\/agenciabrasil.ebc.com.br\/esportes\/noticia\/2025-10\/hugo-calderano-e-bruna-takahashi-sao-campeoes-do-pan-americano-nos-eua\">Hugo Calderano e Bruna Takahashi s\u00e3o campe\u00f5es do Pan-Americano nos EUA.<\/a><\/li>\n<li><a href=\"https:\/\/agenciabrasil.ebc.com.br\/esportes\/noticia\/2025-10\/radio-nacional-transmite-emocoes-de-fortaleza-e-vasco\">R\u00e1dio Nacional transmite as emo\u00e7\u00f5es de Fortaleza e Vasco.<\/a><\/li>\n<\/ul>\n<p>O Brasil volta a entrar em campo pela competi\u00e7\u00e3o na pr\u00f3xima quinta-feira (16), oportunidade na qual enfrentar\u00e1 a Argentina. A outra semifinal da Copa Am\u00e9rica ser\u00e1 protagonizada pelos Estados Unidos e pelo Canad\u00e1.<\/p>\n","protected":false},"excerpt":{"rendered":"<p>Com direito a uma goleada de 8 a 0 sobre o Chile, a sele\u00e7\u00e3o brasileira fechou nesta quarta-feira (15) a sua participa\u00e7\u00e3o na primeira fase da Copa Am\u00e9rica de futebol PC (paralisados cerebrais) que est\u00e1 sendo disputada em Punta Del Este (Uruguai). Agora, a sele\u00e7\u00e3o brasileira mede for\u00e7as com a Argentina nas semifinais da competi\u00e7\u00e3o. [&hellip;]<\/p>\n","protected":false},"author":1,"featured_media":1325,"comment_status":"open","ping_status":"open","sticky":false,"template":"","format":"standard","meta":{"footnotes":""},"categories":[17],"tags":[],"class_list":["post-1324","post","type-post","status-publish","format-standard","has-post-thumbnail","hentry","category-esportes"],"_links":{"self":[{"href":"https:\/\/newsabsoluto.com.br\/index.php?rest_route=\/wp\/v2\/posts\/1324","targetHints":{"allow":["GET"]}}],"collection":[{"href":"https:\/\/newsabsoluto.com.br\/index.php?rest_route=\/wp\/v2\/posts"}],"about":[{"href":"https:\/\/newsabsoluto.com.br\/index.php?rest_route=\/wp\/v2\/types\/post"}],"author":[{"embeddable":true,"href":"https:\/\/newsabsoluto.com.br\/index.php?rest_route=\/wp\/v2\/users\/1"}],"replies":[{"embeddable":true,"href":"https:\/\/newsabsoluto.com.br\/index.php?rest_route=%2Fwp%2Fv2%2Fcomments&post=1324"}],"version-history":[{"count":0,"href":"https:\/\/newsabsoluto.com.br\/index.php?rest_route=\/wp\/v2\/posts\/1324\/revisions"}],"wp:featuredmedia":[{"embeddable":true,"href":"https:\/\/newsabsoluto.com.br\/index.php?rest_route=\/wp\/v2\/media\/1325"}],"wp:attachment":[{"href":"https:\/\/newsabsoluto.com.br\/index.php?rest_route=%2Fwp%2Fv2%2Fmedia&parent=1324"}],"wp:term":[{"taxonomy":"category","embeddable":true,"href":"https:\/\/newsabsoluto.com.br\/index.php?rest_route=%2Fwp%2Fv2%2Fcategories&post=1324"},{"taxonomy":"post_tag","embeddable":true,"href":"https:\/\/newsabsoluto.com.br\/index.php?rest_route=%2Fwp%2Fv2%2Ftags&post=1324"}],"curies":[{"name":"wp","href":"https:\/\/api.w.org\/{rel}","templated":true}]}}