{"id":1320,"date":"2025-10-13T11:15:00","date_gmt":"2025-10-13T11:15:00","guid":{"rendered":"https:\/\/newsabsoluto.com.br\/?p=1320"},"modified":"2025-10-13T11:15:00","modified_gmt":"2025-10-13T11:15:00","slug":"lula-se-reune-com-papa-leao-xiv-pela-primeira-vez-no-vaticano","status":"publish","type":"post","link":"https:\/\/newsabsoluto.com.br\/?p=1320","title":{"rendered":"Lula se re\u00fane com papa Le\u00e3o XIV, pela primeira vez, no Vaticano"},"content":{"rendered":"<p style=\"text-align:center\"><a class=\"\" href=\"https:\/\/agenciabrasil.ebc.com.br\/internacional\/noticia\/2025-10\/lula-se-reune-com-papa-leao-xiv-pela-primeira-vez-no-vaticano\"> <img decoding=\"async\" src=\"https:\/\/cdn.jsdelivr.net\/gh\/sergiosdlima\/assets-ebc@1.0.0\/abr\/assets\/images\/logo-agenciabrasil.svg\" alt=\"Logo Ag\u00eancia Brasil\" style=\"height: 54px\"> <\/a><\/p>\n<p><strong>O presidente Luiz In\u00e1cio Lula da Silva se reuniu nesta segunda-feira (13), no Vaticano, com o papa Le\u00e3o XIV. Em seu perfil na rede social X, Lula relatou ter conversado com o pont\u00edfice sobre \u201creligi\u00e3o, f\u00e9, o Brasil e os imensos desafios que temos que enfrentar no mundo\u201d.<\/strong><img decoding=\"async\" src=\"https:\/\/agenciabrasil.ebc.com.br\/ebc.png?id=1662420&amp;o=rss\" style=\"width:1px;height:1px\"><img decoding=\"async\" src=\"https:\/\/agenciabrasil.ebc.com.br\/ebc.gif?id=1662420&amp;o=rss\" style=\"width:1px;height:1px\"> <\/p>\n<p>\u201cParabenizei o santo padre pela Exorta\u00e7\u00e3o Apost\u00f3lica Dilexi Te e a sua mensagem de que n\u00e3o podemos separar a f\u00e9 do amor pelos mais pobres. Disse a ele que precisamos criar um amplo movimento de indigna\u00e7\u00e3o contra a desigualdade e considero o documento uma refer\u00eancia, que precisa ser lido e praticado por todos\u201d, postou Lula.<\/p>\n<h3>Not\u00edcias relacionadas:<\/h3>\n<ul>\n<li><a href=\"https:\/\/agenciabrasil.ebc.com.br\/politica\/noticia\/2025-10\/lula-participa-de-evento-da-fao-e-visita-o-papa-leao-xiv-nesta-segunda\">Lula participa de evento da FAO e visita o papa Le\u00e3o XIV nesta segunda.<\/a><\/li>\n<li><a href=\"https:\/\/agenciabrasil.ebc.com.br\/internacional\/noticia\/2025-10\/lula-chega-roma-para-eventos-sobre-seguranca-alimentar\">Lula chega a Roma para eventos sobre seguran\u00e7a alimentar.<\/a><\/li>\n<\/ul>\n<p><strong>O presidente disse ter relatado ao papa sua \u201crela\u00e7\u00e3o de extrema proximidade\u201d com religiosos brasileiros, citando especificamente dom Paulo Evaristo Arns, dom H\u00e9lder C\u00e2mara, dom Luciano Mendes de Almeida, Pedro Casald\u00e1liga e o atual presidente da Confedera\u00e7\u00e3o Nacional dos Bispos do Brasil (CNBB), dom Jaime Spengler.<\/strong> <\/p>\n<p>Lula ainda conversou com Le\u00e3o XIV sobre sua participa\u00e7\u00e3o no encontro que acontece hoje na Organiza\u00e7\u00e3o das Na\u00e7\u00f5es Unidas para Agricultura e Alimenta\u00e7\u00e3o (FAO, na sigla em ing\u00eas). \u201cE [sobre] como, em dois anos e meio, tiramos, pela segunda vez, o Brasil do Mapa da Fome\u201d.<\/p>\n<blockquote>\n<p>\u201cAgora, estamos levando este debate para o mundo por meio da Alian\u00e7a Global contra a Fome e a Pobreza\u201d, completou.<\/p>\n<\/blockquote>\n<p><a href=\"https:\/\/www.whatsapp.com\/channel\/0029VaoRTgrInlqYLSk59B2M\" target=\"_blank\">&gt;&gt; Siga o canal da<strong> Ag\u00eancia Brasil <\/strong>no WhatsApp<\/a><\/p>\n<h2>C\u00edrio de Nazar\u00e9<\/h2>\n<p><strong>Ainda em seu tu\u00edte, o presidente disse ter convidado o pont\u00edfice para participar da Confer\u00eancia das Na\u00e7\u00f5es Unidas sobre as Mudan\u00e7as Clim\u00e1ticas (COP30), que acontece em novembro em Bel\u00e9m, \u201cconsiderando a import\u00e2ncia hist\u00f3rica de realizarmos uma Confer\u00eancia do Clima pela primeira vez no cora\u00e7\u00e3o da Amaz\u00f4nia\u201d.<\/strong><\/p>\n<p>\u201cPor conta do Jubileu, o papa nos disse que n\u00e3o poder\u00e1 participar, mas garantiu representa\u00e7\u00e3o do Vaticano em Bel\u00e9m\u201d, detalhou.<\/p>\n<p><strong>Por fim, Lula citou uma visita do papa ao Brasil, ainda sem data definida. \u201cFicamos muito felizes em saber que sua santidade pretende visitar o Brasil no momento oportuno. Ser\u00e1 muito bem recebido, com o carinho, o acolhimento e a f\u00e9 do povo brasileiro\u201d, escreveu.<\/strong><\/p>\n<blockquote>\n<p>\u201cLembrei que, ontem, tivemos uma demonstra\u00e7\u00e3o imensa dessa f\u00e9 no C\u00edrio de Nazar\u00e9 e nas comemora\u00e7\u00f5es do Dia de Nossa Senhora Aparecida, padroeira do Brasil\u201d, completou.<\/p>\n<\/blockquote>\n<p>Acompanharam Lula no encontro com Le\u00e3o XIV a primeira-dama Janja da Silva, os ministros das Rela\u00e7\u00f5es Exteriores, Mauro Vieira, do Desenvolvimento e Assist\u00eancia Social, Fam\u00edlia e Combate \u00e0 Fome, Wellington Dias, e do Desenvolvimento Agr\u00e1rio e Agricultura\u00a0<\/p>\n","protected":false},"excerpt":{"rendered":"<p>O presidente Luiz In\u00e1cio Lula da Silva se reuniu nesta segunda-feira (13), no Vaticano, com o papa Le\u00e3o XIV. Em seu perfil na rede social X, Lula relatou ter conversado com o pont\u00edfice sobre \u201creligi\u00e3o, f\u00e9, o Brasil e os imensos desafios que temos que enfrentar no mundo\u201d. \u201cParabenizei o santo padre pela Exorta\u00e7\u00e3o Apost\u00f3lica [&hellip;]<\/p>\n","protected":false},"author":1,"featured_media":1321,"comment_status":"open","ping_status":"open","sticky":false,"template":"","format":"standard","meta":{"footnotes":""},"categories":[22],"tags":[],"class_list":["post-1320","post","type-post","status-publish","format-standard","has-post-thumbnail","hentry","category-internacional"],"_links":{"self":[{"href":"https:\/\/newsabsoluto.com.br\/index.php?rest_route=\/wp\/v2\/posts\/1320","targetHints":{"allow":["GET"]}}],"collection":[{"href":"https:\/\/newsabsoluto.com.br\/index.php?rest_route=\/wp\/v2\/posts"}],"about":[{"href":"https:\/\/newsabsoluto.com.br\/index.php?rest_route=\/wp\/v2\/types\/post"}],"author":[{"embeddable":true,"href":"https:\/\/newsabsoluto.com.br\/index.php?rest_route=\/wp\/v2\/users\/1"}],"replies":[{"embeddable":true,"href":"https:\/\/newsabsoluto.com.br\/index.php?rest_route=%2Fwp%2Fv2%2Fcomments&post=1320"}],"version-history":[{"count":0,"href":"https:\/\/newsabsoluto.com.br\/index.php?rest_route=\/wp\/v2\/posts\/1320\/revisions"}],"wp:featuredmedia":[{"embeddable":true,"href":"https:\/\/newsabsoluto.com.br\/index.php?rest_route=\/wp\/v2\/media\/1321"}],"wp:attachment":[{"href":"https:\/\/newsabsoluto.com.br\/index.php?rest_route=%2Fwp%2Fv2%2Fmedia&parent=1320"}],"wp:term":[{"taxonomy":"category","embeddable":true,"href":"https:\/\/newsabsoluto.com.br\/index.php?rest_route=%2Fwp%2Fv2%2Fcategories&post=1320"},{"taxonomy":"post_tag","embeddable":true,"href":"https:\/\/newsabsoluto.com.br\/index.php?rest_route=%2Fwp%2Fv2%2Ftags&post=1320"}],"curies":[{"name":"wp","href":"https:\/\/api.w.org\/{rel}","templated":true}]}}