{"id":1312,"date":"2025-10-15T23:01:00","date_gmt":"2025-10-15T23:01:00","guid":{"rendered":"https:\/\/newsabsoluto.com.br\/?p=1312"},"modified":"2025-10-15T23:01:00","modified_gmt":"2025-10-15T23:01:00","slug":"operacao-desarticula-organizacao-que-produzia-armas-para-faccoes-do-rj","status":"publish","type":"post","link":"https:\/\/newsabsoluto.com.br\/?p=1312","title":{"rendered":"Opera\u00e7\u00e3o desarticula organiza\u00e7\u00e3o que produzia armas para fac\u00e7\u00f5es do RJ"},"content":{"rendered":"<p style=\"text-align:center\"><a class=\"\" href=\"https:\/\/agenciabrasil.ebc.com.br\/geral\/noticia\/2025-10\/operacao-desarticula-organizacao-que-produzia-armas-para-faccoes-do-rj\"> <img decoding=\"async\" src=\"https:\/\/cdn.jsdelivr.net\/gh\/sergiosdlima\/assets-ebc@1.0.0\/abr\/assets\/images\/logo-agenciabrasil.svg\" alt=\"Logo Ag\u00eancia Brasil\" style=\"height: 54px\"> <\/a><\/p>\n<p><strong>A Pol\u00edcia Federal realizou nesta quarta-feira (15), a Opera\u00e7\u00e3o Forja, com o objetivo de desarticular uma organiza\u00e7\u00e3o criminosa especializada na produ\u00e7\u00e3o, montagem e com\u00e9rcio ilegal de armas de fogo de uso restrito. A capacidade estimada \u00e9 de 3,5 mil\u00a0fuzis por ano, que abasteciam as principais fac\u00e7\u00f5es criminosas do Rio de Janeiro, ligadas ao Comando Vermelho.<\/strong><img decoding=\"async\" src=\"https:\/\/agenciabrasil.ebc.com.br\/ebc.png?id=1663057&amp;o=rss\" style=\"width:1px;height:1px\"><img decoding=\"async\" src=\"https:\/\/agenciabrasil.ebc.com.br\/ebc.gif?id=1663057&amp;o=rss\" style=\"width:1px;height:1px\"> <\/p>\n<p>A a\u00e7\u00e3o, articulada em conjunto com o Grupo de Atua\u00e7\u00e3o Especial de Combate ao Crime Organizado do Minist\u00e9rio P\u00fablico Federal (Gaeco\/MPF), contou com o apoio da Pol\u00edcia Militar do Estado de S\u00e3o Paulo.<\/p>\n<h3>Not\u00edcias relacionadas:<\/h3>\n<ul>\n<li><a href=\"https:\/\/agenciabrasil.ebc.com.br\/geral\/noticia\/2025-10\/operacao-da-pf-mira-lavagem-de-recursos-do-trafico-com-uso-de-bets\">Opera\u00e7\u00e3o da PF mira lavagem de recursos do tr\u00e1fico com uso de bets.<\/a><\/li>\n<li><a href=\"https:\/\/agenciabrasil.ebc.com.br\/geral\/noticia\/2025-10\/quadrilha-que-furtou-775-transformadores-e-alvo-de-operacao-no-rj\">Quadrilha que furtou 775 transformadores \u00e9 alvo de opera\u00e7\u00e3o no RJ.<\/a><\/li>\n<\/ul>\n<p><strong>Cerca de 50 policiais federais sa\u00edram \u00e0s ruas para cumprir 10 mandados de pris\u00e3o preventiva e oito mandados de busca e apreens\u00e3o nos estados do Rio de Janeiro, S\u00e3o Paulo e Minas Gerais.<\/strong> Al\u00e9m das pris\u00f5es e buscas, a Justi\u00e7a Federal determinou o sequestro de R$ 40 milh\u00f5es em bens e valores dos investigados, visando descapitalizar a organiza\u00e7\u00e3o criminosa.\u00a0 <\/p>\n<p>Na a\u00e7\u00e3o de hoje, foram presas sete pessoas, sendo duas no Rio de Janeiro e outras cinco em S\u00e3o Paulo.<\/p>\n<p>O nome da opera\u00e7\u00e3o, &#8220;Forja&#8221;, \u00e9 uma refer\u00eancia direta \u00e0 atividade principal do grupo: a fabrica\u00e7\u00e3o (forja) clandestina de armamentos em escala industrial.<\/p>\n<h2>Comando da organiza\u00e7\u00e3o<\/h2>\n<p><strong>A investiga\u00e7\u00e3o \u00e9 um desdobramento da Opera\u00e7\u00e3o Wardogs, realizada em outubro de 2023,<\/strong> na qual o l\u00edder do grupo, Silas Diniz, foi preso em flagrante com 47 fuzis, levando ao desmantelamento de uma primeira f\u00e1brica em Belo Horizonte (MG). Mesmo em pris\u00e3o domiciliar, ele continuou comandando a organiza\u00e7\u00e3o.<\/p>\n<p>No apartamento de Diniz, em frente a praia da Barra da Tijuca, zona sudoeste do Rio, a PF apreendeu R$ 158 mil em dinheiro. Ele e a esposa foram presos.\u00a0<\/p>\n<p><strong>O grupo criminoso tamb\u00e9m importava componentes de fuzis dos Estados Unidos e da China, utilizando maquin\u00e1rio industrial de alta precis\u00e3o para produzir as pe\u00e7as em territ\u00f3rio nacional. <\/strong>As armas produzidas eram destinadas a fac\u00e7\u00f5es criminosas do Rio de Janeiro, com entregas coordenadas para o Complexo do Alem\u00e3o, na Penha, zona norte da cidade e para a comunidade da Rocinha, zona sul do Rio.<\/p>\n<p><strong>Os investigados responder\u00e3o pelos crimes de organiza\u00e7\u00e3o criminosa majorada, tr\u00e1fico Internacional de arma de fogo de uso restrito, com\u00e9rcio ilegal de arma de fogo de uso restrito.<\/strong><\/p>\n<h2>Sou da Paz<\/h2>\n<p><strong>A diretora executiva do Instituto Sou da Paz, Carolina Ricardo, considerou que a opera\u00e7\u00e3o foi extremamente exitosa.\u00a0<\/strong><\/p>\n<blockquote>\n<p>&#8220;Ela \u00e9 continuidade de uma outra opera\u00e7\u00e3o, na casa do mesmo procurado em 2023, com a apreens\u00e3o de v\u00e1rios fuzis. Ela mostra como h\u00e1 uma conex\u00e3o entre essa produ\u00e7\u00e3o caseira industrial de armas\u201d, avaliou Carolina.<\/p>\n<\/blockquote>\n<p>Uma pesquisa recente do Sou da Paz sobre a apreens\u00e3o de armas de estilo militar na regi\u00e3o Sudeste do Brasil, mostra que h\u00e1 um aumento no n\u00famero de fuzis e que boa parte deles s\u00e3o americanos, mas que muitos deles s\u00e3o montados com pe\u00e7as americanas, como mostra a a\u00e7\u00e3o desta quarta-feira.\u00a0<\/p>\n<p>\u201cEsse \u00e9 um fen\u00f4meno mais recente, mas que \u00e9 capaz de produzir armas de grande porte em circula\u00e7\u00e3o nas m\u00e3os do crime organizado e s\u00e3o um desafio maior para as pol\u00edcias, j\u00e1 que s\u00e3o armas que n\u00e3o s\u00e3o rastre\u00e1veis, porque n\u00e3o tem numera\u00e7\u00e3o de s\u00e9rie, por ser de fabrica\u00e7\u00e3o caseira, mas tamb\u00e9m mostra o poderio dessa produ\u00e7\u00e3o, mesmo de forma caseira\u201d, avaliou a diretora executiva do Sou da Paz.\u00a0<\/p>\n","protected":false},"excerpt":{"rendered":"<p>A Pol\u00edcia Federal realizou nesta quarta-feira (15), a Opera\u00e7\u00e3o Forja, com o objetivo de desarticular uma organiza\u00e7\u00e3o criminosa especializada na produ\u00e7\u00e3o, montagem e com\u00e9rcio ilegal de armas de fogo de uso restrito. A capacidade estimada \u00e9 de 3,5 mil\u00a0fuzis por ano, que abasteciam as principais fac\u00e7\u00f5es criminosas do Rio de Janeiro, ligadas ao Comando Vermelho. [&hellip;]<\/p>\n","protected":false},"author":1,"featured_media":1313,"comment_status":"open","ping_status":"open","sticky":false,"template":"","format":"standard","meta":{"footnotes":""},"categories":[7],"tags":[],"class_list":["post-1312","post","type-post","status-publish","format-standard","has-post-thumbnail","hentry","category-geral"],"_links":{"self":[{"href":"https:\/\/newsabsoluto.com.br\/index.php?rest_route=\/wp\/v2\/posts\/1312","targetHints":{"allow":["GET"]}}],"collection":[{"href":"https:\/\/newsabsoluto.com.br\/index.php?rest_route=\/wp\/v2\/posts"}],"about":[{"href":"https:\/\/newsabsoluto.com.br\/index.php?rest_route=\/wp\/v2\/types\/post"}],"author":[{"embeddable":true,"href":"https:\/\/newsabsoluto.com.br\/index.php?rest_route=\/wp\/v2\/users\/1"}],"replies":[{"embeddable":true,"href":"https:\/\/newsabsoluto.com.br\/index.php?rest_route=%2Fwp%2Fv2%2Fcomments&post=1312"}],"version-history":[{"count":0,"href":"https:\/\/newsabsoluto.com.br\/index.php?rest_route=\/wp\/v2\/posts\/1312\/revisions"}],"wp:featuredmedia":[{"embeddable":true,"href":"https:\/\/newsabsoluto.com.br\/index.php?rest_route=\/wp\/v2\/media\/1313"}],"wp:attachment":[{"href":"https:\/\/newsabsoluto.com.br\/index.php?rest_route=%2Fwp%2Fv2%2Fmedia&parent=1312"}],"wp:term":[{"taxonomy":"category","embeddable":true,"href":"https:\/\/newsabsoluto.com.br\/index.php?rest_route=%2Fwp%2Fv2%2Fcategories&post=1312"},{"taxonomy":"post_tag","embeddable":true,"href":"https:\/\/newsabsoluto.com.br\/index.php?rest_route=%2Fwp%2Fv2%2Ftags&post=1312"}],"curies":[{"name":"wp","href":"https:\/\/api.w.org\/{rel}","templated":true}]}}