{"id":1310,"date":"2025-10-16T01:01:00","date_gmt":"2025-10-16T01:01:00","guid":{"rendered":"https:\/\/newsabsoluto.com.br\/?p=1310"},"modified":"2025-10-16T01:01:00","modified_gmt":"2025-10-16T01:01:00","slug":"camara-aprova-suspensao-de-acao-no-stf-contra-gustavo-gayer","status":"publish","type":"post","link":"https:\/\/newsabsoluto.com.br\/?p=1310","title":{"rendered":"C\u00e2mara aprova suspens\u00e3o de a\u00e7\u00e3o no STF contra Gustavo Gayer"},"content":{"rendered":"<p style=\"text-align:center\"><a class=\"\" href=\"https:\/\/agenciabrasil.ebc.com.br\/politica\/noticia\/2025-10\/camara-aprova-suspensao-de-acao-no-stf-contra-gustavo-gayer\"> <img decoding=\"async\" src=\"https:\/\/cdn.jsdelivr.net\/gh\/sergiosdlima\/assets-ebc@1.0.0\/abr\/assets\/images\/logo-agenciabrasil.svg\" alt=\"Logo Ag\u00eancia Brasil\" style=\"height: 54px\"> <\/a><\/p>\n<p><strong>Os deputados federais aprovaram nesta quarta-feira (15)<\/strong>, por 268 votos a 167,<strong> pedido para suspender a\u00e7\u00e3o penal contra o deputado Gustavo Gayer (PL-GO) que tramita no Supremo Tribunal Federal (STF)<\/strong>. Houve 4 absten\u00e7\u00f5es.<img decoding=\"async\" src=\"https:\/\/agenciabrasil.ebc.com.br\/ebc.png?id=1663073&amp;o=rss\" style=\"width:1px;height:1px\"><img decoding=\"async\" src=\"https:\/\/agenciabrasil.ebc.com.br\/ebc.gif?id=1663073&amp;o=rss\" style=\"width:1px;height:1px\"> <\/p>\n<p>O pedido foi apresentado pelo partido do deputado. A <strong>Corte ser\u00e1 comunicada da decis\u00e3o.<\/strong>\u00a0<\/p>\n<h3>Not\u00edcias relacionadas:<\/h3>\n<ul>\n<li><a href=\"https:\/\/agenciabrasil.ebc.com.br\/politica\/noticia\/2025-10\/ccj-da-camara-suspende-acao-penal-no-stf-contra-deputado-gayer\">CCJ da C\u00e2mara suspende a\u00e7\u00e3o penal no STF contra deputado Gayer.<\/a><\/li>\n<\/ul>\n<p>A <strong>Constitui\u00e7\u00e3o Federal prev\u00ea que a Casa do parlamentar contra o qual tenha sido recebida den\u00fancia por crime comum seja informada do fato para decidir, em 45 dias, se concorda com o prosseguimento da a\u00e7\u00e3o ou se suspende<\/strong> a a\u00e7\u00e3o enquanto o parlamentar estiver no mandato. <\/p>\n<p>O Plen\u00e1rio acompanhou parecer do relator, deputado Z\u00e9 Haroldo Cathedral (PSD-RR), que <a href=\"https:\/\/agenciabrasil.ebc.com.br\/politica\/noticia\/2025-10\/ccj-da-camara-suspende-acao-penal-no-stf-contra-deputado-gayer\" target=\"_blank\">defendeu a suspens\u00e3o do processo e foi aprovado na\u00a0Comiss\u00e3o de Constitui\u00e7\u00e3o e Justi\u00e7a da C\u00e2mara dos Deputados (CCJ)<\/a>.<\/p>\n<p><strong>Gayer \u00e9 acusado de inj\u00faria, cal\u00fania e difama\u00e7\u00e3o em a\u00e7\u00e3o movida pelo senador Vanderlan Cardoso (GO)<\/strong>, que est\u00e1 licenciado do mandato. Em\u00a0v\u00eddeo publicado em sua rede social em fevereiro de 2023,\u00a0Gayer fez cr\u00edticas, com xingamentos, ao senador, ao ex-presidente do Senado Rodrigo Pacheco (PSD-MG) e ao atual, Davi Alcolumbre (Uni\u00e3o Brasil-AP), e ao Supremo Tribunal Federal.<\/p>\n<p>O relator argumentou que a Constitui\u00e7\u00e3o garante liberdade de express\u00e3o aos parlamentares e que n\u00e3o foram comprovadas as pr\u00e1ticas de crimes de inj\u00faria, cal\u00fania e difama\u00e7\u00e3o.<\/p>\n<p>A a\u00e7\u00e3o contra Gayer\u00a0foi recebida pela 1\u00aa Turma do STF,\u00a0 sob relatoria do ministro Alexandre de Moraes. O processo est\u00e1 na fase de alega\u00e7\u00f5es finais.<\/p>\n<p><em>* Com informa\u00e7\u00f5es da\u00a0Ag\u00eancia C\u00e2mara\u00a0<\/em><\/p>\n","protected":false},"excerpt":{"rendered":"<p>Os deputados federais aprovaram nesta quarta-feira (15), por 268 votos a 167, pedido para suspender a\u00e7\u00e3o penal contra o deputado Gustavo Gayer (PL-GO) que tramita no Supremo Tribunal Federal (STF). Houve 4 absten\u00e7\u00f5es. O pedido foi apresentado pelo partido do deputado. A Corte ser\u00e1 comunicada da decis\u00e3o.\u00a0 Not\u00edcias relacionadas: CCJ da C\u00e2mara suspende a\u00e7\u00e3o penal [&hellip;]<\/p>\n","protected":false},"author":1,"featured_media":1311,"comment_status":"open","ping_status":"open","sticky":false,"template":"","format":"standard","meta":{"footnotes":""},"categories":[12],"tags":[],"class_list":["post-1310","post","type-post","status-publish","format-standard","has-post-thumbnail","hentry","category-politica"],"_links":{"self":[{"href":"https:\/\/newsabsoluto.com.br\/index.php?rest_route=\/wp\/v2\/posts\/1310","targetHints":{"allow":["GET"]}}],"collection":[{"href":"https:\/\/newsabsoluto.com.br\/index.php?rest_route=\/wp\/v2\/posts"}],"about":[{"href":"https:\/\/newsabsoluto.com.br\/index.php?rest_route=\/wp\/v2\/types\/post"}],"author":[{"embeddable":true,"href":"https:\/\/newsabsoluto.com.br\/index.php?rest_route=\/wp\/v2\/users\/1"}],"replies":[{"embeddable":true,"href":"https:\/\/newsabsoluto.com.br\/index.php?rest_route=%2Fwp%2Fv2%2Fcomments&post=1310"}],"version-history":[{"count":0,"href":"https:\/\/newsabsoluto.com.br\/index.php?rest_route=\/wp\/v2\/posts\/1310\/revisions"}],"wp:featuredmedia":[{"embeddable":true,"href":"https:\/\/newsabsoluto.com.br\/index.php?rest_route=\/wp\/v2\/media\/1311"}],"wp:attachment":[{"href":"https:\/\/newsabsoluto.com.br\/index.php?rest_route=%2Fwp%2Fv2%2Fmedia&parent=1310"}],"wp:term":[{"taxonomy":"category","embeddable":true,"href":"https:\/\/newsabsoluto.com.br\/index.php?rest_route=%2Fwp%2Fv2%2Fcategories&post=1310"},{"taxonomy":"post_tag","embeddable":true,"href":"https:\/\/newsabsoluto.com.br\/index.php?rest_route=%2Fwp%2Fv2%2Ftags&post=1310"}],"curies":[{"name":"wp","href":"https:\/\/api.w.org\/{rel}","templated":true}]}}