{"id":1292,"date":"2025-10-15T01:08:00","date_gmt":"2025-10-15T01:08:00","guid":{"rendered":"https:\/\/newsabsoluto.com.br\/?p=1292"},"modified":"2025-10-15T01:08:00","modified_gmt":"2025-10-15T01:08:00","slug":"nova-temporada-do-nbb-e-lancada-oficialmente-em-sao-paulo","status":"publish","type":"post","link":"https:\/\/newsabsoluto.com.br\/?p=1292","title":{"rendered":"Nova temporada do NBB \u00e9 lan\u00e7ada oficialmente em S\u00e3o Paulo"},"content":{"rendered":"<p style=\"text-align:center\"><a class=\"\" href=\"https:\/\/agenciabrasil.ebc.com.br\/esportes\/noticia\/2025-10\/nova-temporada-do-nbb-e-lancada-oficialmente-em-sao-paulo\"> <img decoding=\"async\" src=\"https:\/\/cdn.jsdelivr.net\/gh\/sergiosdlima\/assets-ebc@1.0.0\/abr\/assets\/images\/logo-agenciabrasil.svg\" alt=\"Logo Ag\u00eancia Brasil\" style=\"height: 54px\"> <\/a><\/p>\n<p>A nova temporada do Novo Basquete Brasil (NBB) foi lan\u00e7ada oficialmente nesta ter\u00e7a-feira (14) no Sal\u00e3o Nobre do Corinthians, em S\u00e3o Paulo. A competi\u00e7\u00e3o, que ter\u00e1 suas primeiras partidas disputadas no pr\u00f3ximo s\u00e1bado (18), ter\u00e1 um slogan: \u201cNossa Terra tem Basquete\u201d. A ideia, segundo os organizadores da competi\u00e7\u00e3o, \u00e9\u00a0\u201cfortalecer a identidade do basquete brasileiro\u201d.<img decoding=\"async\" src=\"https:\/\/agenciabrasil.ebc.com.br\/ebc.png?id=1662912&amp;o=rss\" style=\"width:1px;height:1px\"><img decoding=\"async\" src=\"https:\/\/agenciabrasil.ebc.com.br\/ebc.gif?id=1662912&amp;o=rss\" style=\"width:1px;height:1px\"> <\/p>\n<p>Outra novidade ficar\u00e1 fora das quatro linhas, a primeira mulher a comandar uma equipe da competi\u00e7\u00e3o. E a tarefa caber\u00e1 \u00e0 s\u00e9rvia Jelena Todorovic. A t\u00e9cnica de 31 anos estar\u00e1 no comando do Fortaleza Basquete Cearense, que estreia diante do Vasco da Gama no s\u00e1bado.<\/p>\n<blockquote class=\"twitter-tweet\">\n<h3>Not\u00edcias relacionadas:<\/h3>\n<ul>\n<li><a href=\"https:\/\/agenciabrasil.ebc.com.br\/esportes\/noticia\/2025-06\/sesi-franca-garante-o-tetracampeonato-do-novo-basquete-brasil\">Sesi Franca garante o tetracampeonato do Novo Basquete Brasil.<\/a><\/li>\n<li><a href=\"https:\/\/agenciabrasil.ebc.com.br\/esportes\/noticia\/2025-10\/brasil-amarga-derrota-historica-para-o-japao-em-amistoso-em-toquio\">Brasil amarga derrota hist\u00f3rica para o Jap\u00e3o em amistoso em T\u00f3quio.<\/a><\/li>\n<li><a href=\"https:\/\/agenciabrasil.ebc.com.br\/esportes\/noticia\/2025-10\/lara-lima-conquista-bronze-no-mundial-de-halterofilismo-paralimpico\">Lara Lima conquista bronze no Mundial de halterofilismo paral\u00edmpico.<\/a><\/li>\n<\/ul>\n<p>Aqui \u00e9 o meu lugar! \ud83d\udccd\ud83c\udfc0<br \/> O NBB CAIXA 2025\/26 foi lan\u00e7ado oficialmente nesta ter\u00e7a (14), no Sal\u00e3o Nobre do Corinthians, em S\u00e3o Paulo, com a campanha \u201cNossa Terra tem Basquete\u201d, que exalta a identidade, a cultura e a paix\u00e3o que unem o pa\u00eds em torno do esporte. \ud83c\udde7\ud83c\uddf7<br \/> \ud83d\udcf8 Fabr\u00edcio\u2026 <a href=\"https:\/\/t.co\/slNifPrpBT\">pic.twitter.com\/slNifPrpBT<\/a> \u2014 NBB CAIXA (@NBB) <a href=\"https:\/\/twitter.com\/NBB\/status\/1978183570913984521?ref_src=twsrc%5Etfw\">October 14, 2025<\/a><\/p><\/blockquote>\n<p>\u201cEstou muito honrada com esse privil\u00e9gio. Comandar \u00e9 dif\u00edcil, \u00e9 um desafio. Procuro ser a melhor pessoa para liderar os meus atletas. N\u00e3o importa se voc\u00ea \u00e9 mulher ou n\u00e3o, importa que voc\u00ea \u00e9 a melhor pessoa para o cargo. Voc\u00ea tem habilidades de lideran\u00e7a, tem conhecimento e conseguiu o emprego. Agrade\u00e7o ao basquete brasileiro por me dar essa grande oportunidade\u201d, declarou a t\u00e9cnica.<\/p>\n<p>Quem tamb\u00e9m chega motivado \u00e0 uma nova\u00a0temporada do NBB \u00e9 L\u00e9o Costa, comandante do Minas, atual vice-campe\u00e3o da competi\u00e7\u00e3o e que busca a conquista in\u00e9dita: \u201cO clube quer muito esse t\u00edtulo. N\u00f3s sabemos da dificuldade e do alto n\u00edvel da competi\u00e7\u00e3o. Nos \u00faltimos anos, o Minas tem sido considerado um dos grandes favoritos a levar a competi\u00e7\u00e3o, e isso me deixa muito feliz. N\u00e3o ser\u00e1 um processo f\u00e1cil e queremos nos colocar nessa posi\u00e7\u00e3o de grandes favoritos para o t\u00edtulo novamente\u201d.<\/p>\n<blockquote class=\"twitter-tweet\">\n<p dir=\"ltr\" lang=\"pt\" xml:lang=\"pt\">\ud835\udc68 \ud835\udc8f\ud835\udc90\ud835\udc94\ud835\udc94\ud835\udc82 \ud835\udc95\ud835\udc86\ud835\udc93\ud835\udc93\ud835\udc82 \ud835\udc95\ud835\udc86\ud835\udc8e \ud835\udc83\ud835\udc82\ud835\udc94\ud835\udc92\ud835\udc96\ud835\udc86\ud835\udc95\ud835\udc86 \ud835\udc86 \ud835\udc82\ud835\udc92\ud835\udc96\ud835\udc8a \u00e9 \ud835\udc8e\ud835\udc86\ud835\udc96 \ud835\udc8d\ud835\udc96\ud835\udc88\ud835\udc82\ud835\udc93.<br \/> Est\u00e1 aberta a temporada 2025\/26 do NBB CAIXA. \ud83c\udfc0<br \/> Esperamos todos voc\u00eas na rodada de abertura: 18 de outubro. Saiba mais em <a href=\"https:\/\/t.co\/t3enVVy934\">https:\/\/t.co\/t3enVVy934<\/a> \ud83d\udcf2<a href=\"https:\/\/twitter.com\/hashtag\/NossaTerraTemBasquete?src=hash&amp;ref_src=twsrc%5Etfw\">#NossaTerraTemBasquete<\/a> <a href=\"https:\/\/t.co\/hGKJLtUFap\">pic.twitter.com\/hGKJLtUFap<\/a><\/p>\n<p> \u2014 NBB CAIXA (@NBB) <a href=\"https:\/\/twitter.com\/NBB\/status\/1978128375697797587?ref_src=twsrc%5Etfw\">October 14, 2025<\/a><\/p><\/blockquote>\n<p>Por\u00e9m, para o atual campe\u00e3o, permanecer no topo tamb\u00e9m \u00e9 um grande desafio, como deixou claro o ala\/armador Georginho de Paula, do Sesi Franca: \u201cN\u00f3s, de Franca, sabemos dessa press\u00e3o, sabemos da responsabilidade que \u00e9 e trabalhamos todos os dias para corresponder muito bem. Nosso objetivo \u00e9 conquistar mais um caneco e fazer hist\u00f3ria, mas sabemos que n\u00e3o ser\u00e1 uma miss\u00e3o f\u00e1cil\u201d.<\/p>\n","protected":false},"excerpt":{"rendered":"<p>A nova temporada do Novo Basquete Brasil (NBB) foi lan\u00e7ada oficialmente nesta ter\u00e7a-feira (14) no Sal\u00e3o Nobre do Corinthians, em S\u00e3o Paulo. A competi\u00e7\u00e3o, que ter\u00e1 suas primeiras partidas disputadas no pr\u00f3ximo s\u00e1bado (18), ter\u00e1 um slogan: \u201cNossa Terra tem Basquete\u201d. A ideia, segundo os organizadores da competi\u00e7\u00e3o, \u00e9\u00a0\u201cfortalecer a identidade do basquete brasileiro\u201d. Outra [&hellip;]<\/p>\n","protected":false},"author":1,"featured_media":1293,"comment_status":"open","ping_status":"open","sticky":false,"template":"","format":"standard","meta":{"footnotes":""},"categories":[17],"tags":[],"class_list":["post-1292","post","type-post","status-publish","format-standard","has-post-thumbnail","hentry","category-esportes"],"_links":{"self":[{"href":"https:\/\/newsabsoluto.com.br\/index.php?rest_route=\/wp\/v2\/posts\/1292","targetHints":{"allow":["GET"]}}],"collection":[{"href":"https:\/\/newsabsoluto.com.br\/index.php?rest_route=\/wp\/v2\/posts"}],"about":[{"href":"https:\/\/newsabsoluto.com.br\/index.php?rest_route=\/wp\/v2\/types\/post"}],"author":[{"embeddable":true,"href":"https:\/\/newsabsoluto.com.br\/index.php?rest_route=\/wp\/v2\/users\/1"}],"replies":[{"embeddable":true,"href":"https:\/\/newsabsoluto.com.br\/index.php?rest_route=%2Fwp%2Fv2%2Fcomments&post=1292"}],"version-history":[{"count":0,"href":"https:\/\/newsabsoluto.com.br\/index.php?rest_route=\/wp\/v2\/posts\/1292\/revisions"}],"wp:featuredmedia":[{"embeddable":true,"href":"https:\/\/newsabsoluto.com.br\/index.php?rest_route=\/wp\/v2\/media\/1293"}],"wp:attachment":[{"href":"https:\/\/newsabsoluto.com.br\/index.php?rest_route=%2Fwp%2Fv2%2Fmedia&parent=1292"}],"wp:term":[{"taxonomy":"category","embeddable":true,"href":"https:\/\/newsabsoluto.com.br\/index.php?rest_route=%2Fwp%2Fv2%2Fcategories&post=1292"},{"taxonomy":"post_tag","embeddable":true,"href":"https:\/\/newsabsoluto.com.br\/index.php?rest_route=%2Fwp%2Fv2%2Ftags&post=1292"}],"curies":[{"name":"wp","href":"https:\/\/api.w.org\/{rel}","templated":true}]}}