{"id":1288,"date":"2025-10-13T13:57:00","date_gmt":"2025-10-13T13:57:00","guid":{"rendered":"https:\/\/newsabsoluto.com.br\/?p=1288"},"modified":"2025-10-13T13:57:00","modified_gmt":"2025-10-13T13:57:00","slug":"fome-e-irma-da-guerra-e-inimiga-da-democracia-diz-lula","status":"publish","type":"post","link":"https:\/\/newsabsoluto.com.br\/?p=1288","title":{"rendered":"Fome \u00e9 irm\u00e3 da guerra e inimiga da democracia, diz Lula"},"content":{"rendered":"<p style=\"text-align:center\"><a class=\"\" href=\"https:\/\/agenciabrasil.ebc.com.br\/internacional\/noticia\/2025-10\/fome-e-irma-da-guerra-diz-lula-no-forum-mundial-da-alimentacao\"> <img decoding=\"async\" src=\"https:\/\/cdn.jsdelivr.net\/gh\/sergiosdlima\/assets-ebc@1.0.0\/abr\/assets\/images\/logo-agenciabrasil.svg\" alt=\"Logo Ag\u00eancia Brasil\" style=\"height: 54px\"> <\/a><\/p>\n<p>Ao participar da abertura do F\u00f3rum Mundial da Alimenta\u00e7\u00e3o, em Roma, o presidente Luiz In\u00e1cio Lula da Silva disse nesta segunda-feira (13) que \u201ca fome \u00e9 irm\u00e3 da guerra\u201d. \u201cSeja ela travada com armas e bombas ou com tarifas e subs\u00eddios\u201d.<img decoding=\"async\" src=\"https:\/\/agenciabrasil.ebc.com.br\/ebc.png?id=1662445&amp;o=rss\" style=\"width:1px;height:1px\"><img decoding=\"async\" src=\"https:\/\/agenciabrasil.ebc.com.br\/ebc.gif?id=1662445&amp;o=rss\" style=\"width:1px;height:1px\"> <\/p>\n<p>\u201cConflitos armados, al\u00e9m do sofrimento humano e da destrui\u00e7\u00e3o da infraestrutura, desorganizam cadeias de insumos e alimentos. Barreiras e pol\u00edticas protecionistas de pa\u00edses ricos desestruturam a produ\u00e7\u00e3o agr\u00edcola no mundo em desenvolvimento.\u201d<\/p>\n<h3>Not\u00edcias relacionadas:<\/h3>\n<ul>\n<li><a href=\"https:\/\/agenciabrasil.ebc.com.br\/internacional\/noticia\/2025-10\/lula-se-reune-com-papa-leao-xiv-pela-primeira-vez-no-vaticano\">Lula se re\u00fane com papa Le\u00e3o XIV, pela primeira vez, no Vaticano.<\/a><\/li>\n<li><a href=\"https:\/\/agenciabrasil.ebc.com.br\/internacional\/noticia\/2025-10\/lula-chega-roma-para-eventos-sobre-seguranca-alimentar\">Lula chega a Roma para eventos sobre seguran\u00e7a alimentar.<\/a><\/li>\n<\/ul>\n<p>\u201cDa trag\u00e9dia em Gaza \u00e0 paralisia da Organiza\u00e7\u00e3o Mundial do Com\u00e9rcio, a fome tornou-se sintonia do abandono das regras e das institui\u00e7\u00f5es multilaterais\u201d, completou o presidente brasileiro em seu discurso. <\/p>\n<p>Segundo Lula, o\u00a0acesso a alimentos continua sendo um recurso de poder. &#8220;N\u00e3o h\u00e1 como dissociar a fome das desigualdades que dividem ricos e pobres, homens e mulheres, na\u00e7\u00f5es desenvolvidas e na\u00e7\u00f5es em desenvolvimento.&#8221;<\/p>\n<p>O presidente brasileiro destacou que o mundo produz comida suficiente para alimentar uma vez e meia a popula\u00e7\u00e3o mundial.\u00a0Ainda assim, 673 milh\u00f5es de pessoas est\u00e3o em situa\u00e7\u00e3o de inseguran\u00e7a alimentar.<\/p>\n<p>Lula ressaltou ainda o an\u00fancio da\u00a0FAO de que o\u00a0<a href=\"https:\/\/agenciabrasil.ebc.com.br\/internacional\/noticia\/2025-07\/brasil-sai-do-mapa-da-fome-indica-relatorio-onu\" target=\"_blank\">Brasil voltou a\u00a0sair\u00a0do Mapa da Fome<\/a>.<\/p>\n<blockquote>\n<p>&#8220;Em 2024, alcan\u00e7amos a<a href=\"https:\/\/agenciabrasil.ebc.com.br\/direitos-humanos\/noticia\/2025-10\/numero-de-lares-com-inseguranca-alimentar-grave-cai-199-no-brasil\" target=\"_blank\"> menor propor\u00e7\u00e3o de domic\u00edlios em situa\u00e7\u00e3o de inseguran\u00e7a alimentar grave da nossa hist\u00f3ria<\/a>. Registramos, ainda, a menor propor\u00e7\u00e3o de domic\u00edlios com crian\u00e7as menores de 5 anos em situa\u00e7\u00e3o de inseguran\u00e7a alimentar grave desde 2004. Estamos interrompendo o ciclo de exclus\u00e3o.&#8221;<\/p>\n<\/blockquote>\n<p>&#8220;Um pa\u00eds soberano \u00e9 um pa\u00eds capaz de alimentar seu povo. A fome \u00e9 inimiga da democracia e do pleno exerc\u00edcio da cidadania&#8221;, completou o presidente.\u00a0<\/p>\n<p><a href=\"https:\/\/www.whatsapp.com\/channel\/0029VaoRTgrInlqYLSk59B2M\" target=\"_blank\">&gt;&gt; Siga o canal da <strong>Ag\u00eancia Brasil <\/strong>no WhatsApp<\/a><\/p>\n<h2>Multilateralismo<\/h2>\n<p>Lula comentou que o\u00a0Brasil tem orgulho de fazer parte da hist\u00f3ria\u00a0dos 80 anos da Organiza\u00e7\u00e3o das Na\u00e7\u00f5es Unidas para Agricultura e Alimenta\u00e7\u00e3o (FAO, na sigla em ingl\u00eas) e seu trabalho junto ao Programa Mundial de Alimentos e ao Fundo Internacional para o Desenvolvimento da Agricultura.<\/p>\n<p>\u201cN\u00e3o deixa d\u00favidas de que o mundo seria um lugar pior sem o multilateralismo\u201d, disse. \u201cGra\u00e7as \u00e0 FAO, um n\u00famero crescente de pa\u00edses reconheceu o direito \u00e0 alimenta\u00e7\u00e3o em sua legisla\u00e7\u00e3o\u201d, completou.<\/p>\n<p>O presidente lembrou que, h\u00e1 10 anos, participava das comemora\u00e7\u00f5es dos 70 anos da entidade. \u201cMuito mudou neste per\u00edodo. Viv\u00edamos ent\u00e3o o entusiasmo da ado\u00e7\u00e3o da agenda 2030. O mundo havia se unido em torno de objetivos comuns e caminhava rumo \u00e0 um futuro promissor\u201d.<\/p>\n<p>\u201cHoje, tanto nossa capacidade de agir coletivamente quanto o otimismo que nos animava est\u00e3o abalados. Os desafios se aprofundaram, mas n\u00e3o temos alternativa sen\u00e3o persistir. Enquanto houver fome, a FAO permanecer\u00e1 indispens\u00e1vel.\u201d<\/p>\n","protected":false},"excerpt":{"rendered":"<p>Ao participar da abertura do F\u00f3rum Mundial da Alimenta\u00e7\u00e3o, em Roma, o presidente Luiz In\u00e1cio Lula da Silva disse nesta segunda-feira (13) que \u201ca fome \u00e9 irm\u00e3 da guerra\u201d. \u201cSeja ela travada com armas e bombas ou com tarifas e subs\u00eddios\u201d. \u201cConflitos armados, al\u00e9m do sofrimento humano e da destrui\u00e7\u00e3o da infraestrutura, desorganizam cadeias de [&hellip;]<\/p>\n","protected":false},"author":1,"featured_media":1289,"comment_status":"open","ping_status":"open","sticky":false,"template":"","format":"standard","meta":{"footnotes":""},"categories":[22],"tags":[],"class_list":["post-1288","post","type-post","status-publish","format-standard","has-post-thumbnail","hentry","category-internacional"],"_links":{"self":[{"href":"https:\/\/newsabsoluto.com.br\/index.php?rest_route=\/wp\/v2\/posts\/1288","targetHints":{"allow":["GET"]}}],"collection":[{"href":"https:\/\/newsabsoluto.com.br\/index.php?rest_route=\/wp\/v2\/posts"}],"about":[{"href":"https:\/\/newsabsoluto.com.br\/index.php?rest_route=\/wp\/v2\/types\/post"}],"author":[{"embeddable":true,"href":"https:\/\/newsabsoluto.com.br\/index.php?rest_route=\/wp\/v2\/users\/1"}],"replies":[{"embeddable":true,"href":"https:\/\/newsabsoluto.com.br\/index.php?rest_route=%2Fwp%2Fv2%2Fcomments&post=1288"}],"version-history":[{"count":0,"href":"https:\/\/newsabsoluto.com.br\/index.php?rest_route=\/wp\/v2\/posts\/1288\/revisions"}],"wp:featuredmedia":[{"embeddable":true,"href":"https:\/\/newsabsoluto.com.br\/index.php?rest_route=\/wp\/v2\/media\/1289"}],"wp:attachment":[{"href":"https:\/\/newsabsoluto.com.br\/index.php?rest_route=%2Fwp%2Fv2%2Fmedia&parent=1288"}],"wp:term":[{"taxonomy":"category","embeddable":true,"href":"https:\/\/newsabsoluto.com.br\/index.php?rest_route=%2Fwp%2Fv2%2Fcategories&post=1288"},{"taxonomy":"post_tag","embeddable":true,"href":"https:\/\/newsabsoluto.com.br\/index.php?rest_route=%2Fwp%2Fv2%2Ftags&post=1288"}],"curies":[{"name":"wp","href":"https:\/\/api.w.org\/{rel}","templated":true}]}}