{"id":1286,"date":"2025-10-13T17:02:00","date_gmt":"2025-10-13T17:02:00","guid":{"rendered":"https:\/\/newsabsoluto.com.br\/?p=1286"},"modified":"2025-10-13T17:02:00","modified_gmt":"2025-10-13T17:02:00","slug":"representantes-de-israel-e-palestina-no-brasil-comentam-plano-de-paz","status":"publish","type":"post","link":"https:\/\/newsabsoluto.com.br\/?p=1286","title":{"rendered":"Representantes de Israel e Palestina no Brasil comentam plano de paz"},"content":{"rendered":"<p style=\"text-align:center\"><a class=\"\" href=\"https:\/\/agenciabrasil.ebc.com.br\/internacional\/noticia\/2025-10\/representantes-de-israel-e-palestina-no-brasil-comentam-plano-de-paz\"> <img decoding=\"async\" src=\"https:\/\/cdn.jsdelivr.net\/gh\/sergiosdlima\/assets-ebc@1.0.0\/abr\/assets\/images\/logo-agenciabrasil.svg\" alt=\"Logo Ag\u00eancia Brasil\" style=\"height: 54px\"> <\/a><\/p>\n<p>Entidades que representam israelenses e palestinos no Brasil\u00a0se manifestaram nesta segunda-feira (13) sobre os recentes avan\u00e7os da implementa\u00e7\u00e3o do plano de paz na Faixa de Gaza.\u00a0<img decoding=\"async\" src=\"https:\/\/agenciabrasil.ebc.com.br\/ebc.png?id=1662512&amp;o=rss\" style=\"width:1px;height:1px\"><img decoding=\"async\" src=\"https:\/\/agenciabrasil.ebc.com.br\/ebc.gif?id=1662512&amp;o=rss\" style=\"width:1px;height:1px\"> <\/p>\n<p>Na manh\u00e3 de hoje, Israel e o Hamas <a href=\"https:\/\/agenciabrasil.ebc.com.br\/internacional\/noticia\/2025-10\/hamas-entrega-ultimos-refens-israel-trump-reafirma-fim-da-guerra\" target=\"_blank\">realizaram a t\u00e3o aguardada troca de ref\u00e9ns<\/a> e prisioneiros, como parte do <a href=\"https:\/\/agenciabrasil.ebc.com.br\/internacional\/noticia\/2025-10\/israel-e-hamas-chegam-acordo-de-paz-anuncia-trump\" target=\"_blank\">acordo de cessar-fogo anunciado<\/a> na \u00faltima quarta-feira.<\/p>\n<h3>Not\u00edcias relacionadas:<\/h3>\n<ul>\n<li><a href=\"https:\/\/agenciabrasil.ebc.com.br\/internacional\/noticia\/2025-10\/hamas-entrega-ultimos-refens-israel-trump-reafirma-fim-da-guerra\">Hamas entrega \u00faltimos ref\u00e9ns a Israel; Trump reafirma fim da guerra.<\/a><\/li>\n<\/ul>\n<p>A movimenta\u00e7\u00e3o come\u00e7ou com a liberta\u00e7\u00e3o de 20 ref\u00e9ns israelenses sobreviventes; ao mesmo tempo, prisioneiros palestinos tamb\u00e9m deixaram as pris\u00f5es e retornaram para sua terra. <\/p>\n<p>Em nota, a Federa\u00e7\u00e3o Israelita do Estado de S\u00e3o Paulo (Fisesp) comemorou a liberta\u00e7\u00e3o dos ref\u00e9ns:<\/p>\n<blockquote>\n<p>\u201cA Fisesp recebe com profunda emo\u00e7\u00e3o e imenso al\u00edvio a not\u00edcia de que, ap\u00f3s 738 dias de dor, ang\u00fastia e incerteza, todos os ref\u00e9ns vivos sequestrados pelo Hamas em 7 de outubro de 2023 est\u00e3o finalmente de volta em casa\u201d.<\/p>\n<\/blockquote>\n<p>A entidade disse ainda que este \u201c\u00e9 um momento de renascimento e f\u00e9, um marco de humanidade em meio a um longo per\u00edodo de sofrimento que uniu cora\u00e7\u00f5es em Israel e em todo o mundo\u201d. O comunicado termina desejando que este \u201cnovo cap\u00edtulo seja de reconstru\u00e7\u00e3o, di\u00e1logo e esperan\u00e7a\u201d.<\/p>\n<p><a href=\"https:\/\/www.whatsapp.com\/channel\/0029VaoRTgrInlqYLSk59B2M\" target=\"_blank\">&gt;&gt; Siga o canal da <strong>Ag\u00eancia Brasil <\/strong>no WhatsApp<\/a><\/p>\n<p>J\u00e1 o presidente da Federa\u00e7\u00e3o \u00c1rabe Palestina do Brasil (Fepal), Ualid Rabah, disse que os palestinos precisam parar de ser exterminados.<\/p>\n<p>\u201cO cessar-fogo \u00e9 muito importante, evidentemente, porque o povo palestino precisa parar de morrer, parar de ser exterminado. Precisa ter a certeza de que deitar\u00e1 na sua casa, ou nas suas barracas, onde for poss\u00edvel, enfim, j\u00e1 que 92% das resid\u00eancias foram destru\u00eddas. Ent\u00e3o, o cessar-fogo \u00e9 o primeiro momento para qualquer discuss\u00e3o, para qualquer sa\u00edda futura e duradoura, de prefer\u00eancia\u201d.<\/p>\n<p>Apesar de comemorar o acordo, Rabah manifestou uma vis\u00e3o cr\u00edtica sobre o assunto, afirmando que \u00e9 preciso ter garantias.<\/p>\n<blockquote>\n<p>\u201c\u00c9 necess\u00e1rio ter uma for\u00e7a de paz internacional b\u00e9lica que garanta a seguran\u00e7a do povo palestino. Sem isso, n\u00e3o teremos garantia de que, ap\u00f3s uma mera troca de prisioneiros, n\u00e3o haja um novo bloqueio de Gaza, que continue a ocupa\u00e7\u00e3o da Faixa de Gaza, que continue a ocupa\u00e7\u00e3o da Cisjord\u00e2nia. Mas celebremos o cessar-fogo. A troca de prisioneiros \u00e9 \u00ednfima e n\u00e3o representa as necessidades reais e todo o resto precisa ser discutido, sob pena de estarmos diante de apenas mais um cessar-fogo\u201d.<\/p>\n<\/blockquote>\n<h2>C\u00fapula<\/h2>\n<p>Ap\u00f3s este primeiro passo de troca de ref\u00e9ns e prisioneiros, uma c\u00fapula com mais de 20 l\u00edderes mundiais ocorre nesta segunda-feira no Egito.<\/p>\n<p>Eles v\u00e3o avaliar o plano de paz proposto pelo presidente dos Estados Unidos, Donald Trump. O encontro \u00e9 realizado na cidade tur\u00edstica de Sharm el-Sheikh, no Egito.<\/p>\n","protected":false},"excerpt":{"rendered":"<p>Entidades que representam israelenses e palestinos no Brasil\u00a0se manifestaram nesta segunda-feira (13) sobre os recentes avan\u00e7os da implementa\u00e7\u00e3o do plano de paz na Faixa de Gaza.\u00a0 Na manh\u00e3 de hoje, Israel e o Hamas realizaram a t\u00e3o aguardada troca de ref\u00e9ns e prisioneiros, como parte do acordo de cessar-fogo anunciado na \u00faltima quarta-feira. Not\u00edcias relacionadas: [&hellip;]<\/p>\n","protected":false},"author":1,"featured_media":1287,"comment_status":"open","ping_status":"open","sticky":false,"template":"","format":"standard","meta":{"footnotes":""},"categories":[22],"tags":[],"class_list":["post-1286","post","type-post","status-publish","format-standard","has-post-thumbnail","hentry","category-internacional"],"_links":{"self":[{"href":"https:\/\/newsabsoluto.com.br\/index.php?rest_route=\/wp\/v2\/posts\/1286","targetHints":{"allow":["GET"]}}],"collection":[{"href":"https:\/\/newsabsoluto.com.br\/index.php?rest_route=\/wp\/v2\/posts"}],"about":[{"href":"https:\/\/newsabsoluto.com.br\/index.php?rest_route=\/wp\/v2\/types\/post"}],"author":[{"embeddable":true,"href":"https:\/\/newsabsoluto.com.br\/index.php?rest_route=\/wp\/v2\/users\/1"}],"replies":[{"embeddable":true,"href":"https:\/\/newsabsoluto.com.br\/index.php?rest_route=%2Fwp%2Fv2%2Fcomments&post=1286"}],"version-history":[{"count":0,"href":"https:\/\/newsabsoluto.com.br\/index.php?rest_route=\/wp\/v2\/posts\/1286\/revisions"}],"wp:featuredmedia":[{"embeddable":true,"href":"https:\/\/newsabsoluto.com.br\/index.php?rest_route=\/wp\/v2\/media\/1287"}],"wp:attachment":[{"href":"https:\/\/newsabsoluto.com.br\/index.php?rest_route=%2Fwp%2Fv2%2Fmedia&parent=1286"}],"wp:term":[{"taxonomy":"category","embeddable":true,"href":"https:\/\/newsabsoluto.com.br\/index.php?rest_route=%2Fwp%2Fv2%2Fcategories&post=1286"},{"taxonomy":"post_tag","embeddable":true,"href":"https:\/\/newsabsoluto.com.br\/index.php?rest_route=%2Fwp%2Fv2%2Ftags&post=1286"}],"curies":[{"name":"wp","href":"https:\/\/api.w.org\/{rel}","templated":true}]}}