{"id":1264,"date":"2025-10-13T17:44:00","date_gmt":"2025-10-13T17:44:00","guid":{"rendered":"https:\/\/newsabsoluto.com.br\/?p=1264"},"modified":"2025-10-13T17:44:00","modified_gmt":"2025-10-13T17:44:00","slug":"antes-tarde-do-que-nunca-diz-lula-sobre-fim-do-conflito-em-gaza","status":"publish","type":"post","link":"https:\/\/newsabsoluto.com.br\/?p=1264","title":{"rendered":"&#8220;Antes tarde do que nunca&#8221;, diz Lula sobre fim do conflito em Gaza"},"content":{"rendered":"<p style=\"text-align:center\"><a class=\"\" href=\"https:\/\/agenciabrasil.ebc.com.br\/internacional\/noticia\/2025-10\/antes-tarde-do-que-nunca-diz-lula-sobre-fim-do-conflito-em-gaza\"> <img decoding=\"async\" src=\"https:\/\/cdn.jsdelivr.net\/gh\/sergiosdlima\/assets-ebc@1.0.0\/abr\/assets\/images\/logo-agenciabrasil.svg\" alt=\"Logo Ag\u00eancia Brasil\" style=\"height: 54px\"> <\/a><\/p>\n<p>Ao comentar o atual momento de cessar-fogo na Faixa de Gaza, o presidente Luiz In\u00e1cio Lula da Silva disse nessa segunda-feira (13) que h\u00e1 muitas possibilidade para que o acordo entre Israel e o grupo palestino Hamas se torne definitivo.<img decoding=\"async\" src=\"https:\/\/agenciabrasil.ebc.com.br\/ebc.png?id=1662521&amp;o=rss\" style=\"width:1px;height:1px\"><img decoding=\"async\" src=\"https:\/\/agenciabrasil.ebc.com.br\/ebc.gif?id=1662521&amp;o=rss\" style=\"width:1px;height:1px\"> <\/p>\n<blockquote>\n<p>\u201cAntes tarde que nunca. Finalmente, parece que se encontrou uma sa\u00edda para o conflito entre Israel e os palestinos. Me parece que h\u00e1 muitas possibilidade de o acordo ser definitivo. Acho que isso \u00e9 muito importante.\u201d<\/p>\n<\/blockquote>\n<h3>Not\u00edcias relacionadas:<\/h3>\n<ul>\n<li><a href=\"https:\/\/agenciabrasil.ebc.com.br\/internacional\/noticia\/2025-10\/hamas-entrega-ultimos-refens-israel-trump-reafirma-fim-da-guerra\">Hamas entrega \u00faltimos ref\u00e9ns a Israel; Trump reafirma fim da guerra.<\/a><\/li>\n<li><a href=\"https:\/\/agenciabrasil.ebc.com.br\/internacional\/noticia\/2025-10\/representantes-de-israel-e-palestina-no-brasil-comentam-plano-de-paz\">Representantes de Israel e Palestina no Brasil comentam plano de paz.<\/a><\/li>\n<li><a href=\"https:\/\/agenciabrasil.ebc.com.br\/esportes\/noticia\/2025-10\/eliminatorias-policia-usa-gas-lacrimogeneo-em-protestos-pro-palestina\">Eliminat\u00f3rias: Pol\u00edcia usa g\u00e1s lacrimog\u00eaneo em protestos pr\u00f3-Palestina.<\/a><\/li>\n<\/ul>\n<p>\u201cN\u00e3o se vai devolver a vida dos milh\u00f5es que\u00a0morreram, mas se devolve, pelo menos, o direito de as pessoas dormirem tranquilas, sem medo de uma bomba, sem medo de um pr\u00e9dio cair. As pessoas n\u00e3o v\u00e3o mais ser perseguidas\u201d, completou. <\/p>\n<p>Durante coletiva de imprensa em Roma,\u00a0<strong>Lula classificou a tr\u00e9gua como um \u201cpasso importante\u201d para o fim do conflito. \u201cUma coisa que n\u00e3o deveria ter acontecido, mas aconteceu. E que poderia ter sido resolvida mais cedo, mas n\u00e3o foi resolvida\u201d.<\/strong><\/p>\n<blockquote>\n<p>\u201cAcho que foi resolvida agora. \u00c9 motivo de alegria saber que o povo palestino e o povo de Israel v\u00e3o viver em paz agora\u201d, concluiu.<\/p>\n<\/blockquote>\n<h2>Rela\u00e7\u00e3o com Israel<\/h2>\n<p><strong>Questionado se o cessar-fogo abre espa\u00e7o para o Brasil melhorar suas rela\u00e7\u00f5es com Israel e, eventualmente, indicar um embaixador para o territ\u00f3rio israelense, Lula respondeu que \u201co Brasil n\u00e3o tem problema com Israel\u201d.<\/strong><\/p>\n<blockquote>\n<p>\u201cO Brasil tem problema com o [primeiro-ministro de Israel, Benjamin] Netanyahu. Na hora em que Netanyahu n\u00e3o for mais governo, n\u00e3o haver\u00e1 nenhum problema entre Brasil e Israel, que sempre tiveram uma rela\u00e7\u00e3o muito boa.\u201d<\/p>\n<\/blockquote>\n<p>\u201cN\u00e3o sei se [o cessar-fogo] \u00e9 definitivo ou n\u00e3o, mas estou feliz porque \u00e9 um come\u00e7o muito promissor. O fato de o presidente [dos Estados Unidos Donald] Trump ter ido a\u00a0Israel, ao Parlamento, ter falado \u00e9 um sinal muito importante\u201d, completou.<\/p>\n<p>\u201cEspero que aqueles que ajudaram Israel na sua posi\u00e7\u00e3o de virul\u00eancia agora ajudem a ter uma paz definitiva. Acho que todo mundo vai ficar feliz\u201d, concluiu.<\/p>\n<p>\u00a0<\/p>\n","protected":false},"excerpt":{"rendered":"<p>Ao comentar o atual momento de cessar-fogo na Faixa de Gaza, o presidente Luiz In\u00e1cio Lula da Silva disse nessa segunda-feira (13) que h\u00e1 muitas possibilidade para que o acordo entre Israel e o grupo palestino Hamas se torne definitivo. \u201cAntes tarde que nunca. Finalmente, parece que se encontrou uma sa\u00edda para o conflito entre [&hellip;]<\/p>\n","protected":false},"author":1,"featured_media":1265,"comment_status":"open","ping_status":"open","sticky":false,"template":"","format":"standard","meta":{"footnotes":""},"categories":[22],"tags":[],"class_list":["post-1264","post","type-post","status-publish","format-standard","has-post-thumbnail","hentry","category-internacional"],"_links":{"self":[{"href":"https:\/\/newsabsoluto.com.br\/index.php?rest_route=\/wp\/v2\/posts\/1264","targetHints":{"allow":["GET"]}}],"collection":[{"href":"https:\/\/newsabsoluto.com.br\/index.php?rest_route=\/wp\/v2\/posts"}],"about":[{"href":"https:\/\/newsabsoluto.com.br\/index.php?rest_route=\/wp\/v2\/types\/post"}],"author":[{"embeddable":true,"href":"https:\/\/newsabsoluto.com.br\/index.php?rest_route=\/wp\/v2\/users\/1"}],"replies":[{"embeddable":true,"href":"https:\/\/newsabsoluto.com.br\/index.php?rest_route=%2Fwp%2Fv2%2Fcomments&post=1264"}],"version-history":[{"count":0,"href":"https:\/\/newsabsoluto.com.br\/index.php?rest_route=\/wp\/v2\/posts\/1264\/revisions"}],"wp:featuredmedia":[{"embeddable":true,"href":"https:\/\/newsabsoluto.com.br\/index.php?rest_route=\/wp\/v2\/media\/1265"}],"wp:attachment":[{"href":"https:\/\/newsabsoluto.com.br\/index.php?rest_route=%2Fwp%2Fv2%2Fmedia&parent=1264"}],"wp:term":[{"taxonomy":"category","embeddable":true,"href":"https:\/\/newsabsoluto.com.br\/index.php?rest_route=%2Fwp%2Fv2%2Fcategories&post=1264"},{"taxonomy":"post_tag","embeddable":true,"href":"https:\/\/newsabsoluto.com.br\/index.php?rest_route=%2Fwp%2Fv2%2Ftags&post=1264"}],"curies":[{"name":"wp","href":"https:\/\/api.w.org\/{rel}","templated":true}]}}