{"id":1250,"date":"2025-10-13T21:30:00","date_gmt":"2025-10-13T21:30:00","guid":{"rendered":"https:\/\/newsabsoluto.com.br\/?p=1250"},"modified":"2025-10-13T21:30:00","modified_gmt":"2025-10-13T21:30:00","slug":"ex-presidente-do-inss-se-nega-a-responder-perguntas-de-relator-da-cpi","status":"publish","type":"post","link":"https:\/\/newsabsoluto.com.br\/?p=1250","title":{"rendered":"Ex-presidente do INSS se nega a responder perguntas de relator da CPI\u00a0"},"content":{"rendered":"<p style=\"text-align:center\"><a class=\"\" href=\"https:\/\/agenciabrasil.ebc.com.br\/politica\/noticia\/2025-10\/ex-presidente-do-inss-se-nega-responder-perguntas-de-relator-da-cpi\"> <img decoding=\"async\" src=\"https:\/\/cdn.jsdelivr.net\/gh\/sergiosdlima\/assets-ebc@1.0.0\/abr\/assets\/images\/logo-agenciabrasil.svg\" alt=\"Logo Ag\u00eancia Brasil\" style=\"height: 54px\"> <\/a><\/p>\n<p><strong>O ex-presidente do INSS\u00a0Alessandro Stefanutto\u00a0se negou a responder as\u00a0perguntas do relator da\u00a0Comiss\u00e3o Parlamentar Mista de Inqu\u00e9rito (CPMI) que analisa os desvios em descontos de aposentados e pensionistas, deputado Alfredo Gaspar (Uni\u00e3o-AL), nesta\u00a0segunda-feira (13).\u00a0<\/strong><img decoding=\"async\" src=\"https:\/\/agenciabrasil.ebc.com.br\/ebc.png?id=1662664&amp;o=rss\" style=\"width:1px;height:1px\"><img decoding=\"async\" src=\"https:\/\/agenciabrasil.ebc.com.br\/ebc.gif?id=1662664&amp;o=rss\" style=\"width:1px;height:1px\"> <\/p>\n<p>A negativa gerou um impasse e a reuni\u00e3o foi suspensa para tratativas do presidente do colegiado, senador Carlos Viana (Podemos-MG) com a defesa da testemunha.<\/p>\n<h3>Not\u00edcias relacionadas:<\/h3>\n<ul>\n<li><a href=\"https:\/\/agenciabrasil.ebc.com.br\/geral\/noticia\/2025-04\/presidente-do-inss-e-exonerado-apos-suspeita-de-fraudes\">Presidente do INSS \u00e9 exonerado ap\u00f3s suspeita de fraudes\u00a0.<\/a><\/li>\n<li><a href=\"https:\/\/agenciabrasil.ebc.com.br\/politica\/noticia\/2025-10\/cpmi-do-inss-empresario-responde-relator-mas-se-cala-para-comissao\">CPMI do INSS: empres\u00e1rio responde a relator, mas se cala para comiss\u00e3o.<\/a><\/li>\n<\/ul>\n<p><strong>Um <em>habeas corpus <\/em>concedido pelo ministro do Supremo Tribunal Federal (STF)\u00a0Luiz Fux\u00a0deu a Stefanutto o direito de n\u00e3o ser obrigado a responder a perguntas que possam incrimin\u00e1-lo. <\/strong>No relato inicial, Stefanutto abordou o seu trabalho na dire\u00e7\u00e3o da autarquia, enumerando as medidas tomadas para resolver problemas como a fila para an\u00e1lise de benef\u00edcios e os desvios relacionados a descontos associativos de aposentados e pensionistas. <\/p>\n<p>\u201cOs servidores do INSS s\u00e3o her\u00f3is, porque entregam um servi\u00e7o que, via de regra, ningu\u00e9m reconhece\u201d, disse o ex-presidente do INSS, referindo-se \u00e0s a\u00e7\u00f5es de auditoria para investigar os descontos.\u00a0<\/p>\n<blockquote>\n<p>\u201cN\u00e3o h\u00e1, nessa gest\u00e3o, algum ponto que possam falar disso. E se formos falar do desconto associativo estou pronto para responder todas as perguntas, desde que elas n\u00e3o sejam feitas de forma desrespeitosa\u201d, finalizou.<\/p>\n<\/blockquote>\n<p>Na sequ\u00eancia, o relator iniciou as perguntas, questionando quando a testemunha come\u00e7ou a trabalhar no servi\u00e7o p\u00fablico. Stefanutto se recusou a responder.<\/p>\n<blockquote>\n<p>\u201cResponderei a todos os parlamentares, menos as perguntas do relator\u201d, afirmou. A pergunta que o relator est\u00e1 fazendo \u00e9 um julgamento pr\u00e9vio que n\u00e3o vou responder, isso \u00e9 um julgamento meu\u201d, acrescentou.<\/p>\n<\/blockquote>\n<p><strong>Gaspar disse que a negativa poderia ensejar um pedido de pris\u00e3o. <\/strong>\u201cCalar uma pergunta n\u00e3o incriminat\u00f3ria cabe o flagrante de falso testemunho\u201d, defendeu.<\/p>\n<p><a href=\"https:\/\/www.whatsapp.com\/channel\/0029VaoRTgrInlqYLSk59B2M\" target=\"_blank\">&gt;&gt; Siga o canal da <strong>Ag\u00eancia Brasil <\/strong>no WhatsApp<\/a><\/p>\n<p>Ap\u00f3s um recesso de alguns minutos, os trabalhos foram retomados, com o entendimento de que as perguntas n\u00e3o incriminat\u00f3rias seriam respondidas.\u00a0 Gaspar retomou os questionamentos, com a mesma pergunta .\u00a0<\/p>\n<p>Stefanutto respondeu afirmando que a pergunta era d\u00fabia, uma vez que ele j\u00e1 tinha prestado servi\u00e7o militar e atuado em outros \u00f3rg\u00e3os.<\/p>\n<p>\u201cEntrei no servi\u00e7o p\u00fablico em 1992. Na Receita Federal, fui t\u00e9cnico por bastante tempo e trabalhei durante um tempo no gabinete do Superintendente, n\u00e3o recordo o nome, pois faz tempo. Depois fiz a prova para procurador aut\u00e1rquico do INSS em 1999 e ingressei em 2000\u201d, respondeu Stefanutto detalhando os cargos que ocupou.<\/p>\n<p><strong>Alessandro Stefanutto<a href=\"https:\/\/agenciabrasil.ebc.com.br\/geral\/noticia\/2025-04\/presidente-do-inss-e-exonerado-apos-suspeita-de-fraudes\"> foi exonerado do cargo em abril,<\/a> logo ap\u00f3s a Opera\u00e7\u00e3o Sem Desconto, da Pol\u00edcia Federal em conjunto com a Controladoria-Geral da Uni\u00e3o, revelar as fraudes contra aposentados e pensionistas. <\/strong>Na reuni\u00e3o desta segunda-feira, tamb\u00e9m est\u00e1 previsto o depoimento do ex-diretor de Benef\u00edcios do \u00f3rg\u00e3o Andr\u00e9 Paulo F\u00e9lix Fidelis.<\/p>\n","protected":false},"excerpt":{"rendered":"<p>O ex-presidente do INSS\u00a0Alessandro Stefanutto\u00a0se negou a responder as\u00a0perguntas do relator da\u00a0Comiss\u00e3o Parlamentar Mista de Inqu\u00e9rito (CPMI) que analisa os desvios em descontos de aposentados e pensionistas, deputado Alfredo Gaspar (Uni\u00e3o-AL), nesta\u00a0segunda-feira (13).\u00a0 A negativa gerou um impasse e a reuni\u00e3o foi suspensa para tratativas do presidente do colegiado, senador Carlos Viana (Podemos-MG) com a [&hellip;]<\/p>\n","protected":false},"author":1,"featured_media":1251,"comment_status":"open","ping_status":"open","sticky":false,"template":"","format":"standard","meta":{"footnotes":""},"categories":[12],"tags":[],"class_list":["post-1250","post","type-post","status-publish","format-standard","has-post-thumbnail","hentry","category-politica"],"_links":{"self":[{"href":"https:\/\/newsabsoluto.com.br\/index.php?rest_route=\/wp\/v2\/posts\/1250","targetHints":{"allow":["GET"]}}],"collection":[{"href":"https:\/\/newsabsoluto.com.br\/index.php?rest_route=\/wp\/v2\/posts"}],"about":[{"href":"https:\/\/newsabsoluto.com.br\/index.php?rest_route=\/wp\/v2\/types\/post"}],"author":[{"embeddable":true,"href":"https:\/\/newsabsoluto.com.br\/index.php?rest_route=\/wp\/v2\/users\/1"}],"replies":[{"embeddable":true,"href":"https:\/\/newsabsoluto.com.br\/index.php?rest_route=%2Fwp%2Fv2%2Fcomments&post=1250"}],"version-history":[{"count":0,"href":"https:\/\/newsabsoluto.com.br\/index.php?rest_route=\/wp\/v2\/posts\/1250\/revisions"}],"wp:featuredmedia":[{"embeddable":true,"href":"https:\/\/newsabsoluto.com.br\/index.php?rest_route=\/wp\/v2\/media\/1251"}],"wp:attachment":[{"href":"https:\/\/newsabsoluto.com.br\/index.php?rest_route=%2Fwp%2Fv2%2Fmedia&parent=1250"}],"wp:term":[{"taxonomy":"category","embeddable":true,"href":"https:\/\/newsabsoluto.com.br\/index.php?rest_route=%2Fwp%2Fv2%2Fcategories&post=1250"},{"taxonomy":"post_tag","embeddable":true,"href":"https:\/\/newsabsoluto.com.br\/index.php?rest_route=%2Fwp%2Fv2%2Ftags&post=1250"}],"curies":[{"name":"wp","href":"https:\/\/api.w.org\/{rel}","templated":true}]}}