{"id":1232,"date":"2025-10-12T18:41:00","date_gmt":"2025-10-12T18:41:00","guid":{"rendered":"https:\/\/newsabsoluto.com.br\/?p=1232"},"modified":"2025-10-12T18:41:00","modified_gmt":"2025-10-12T18:41:00","slug":"judocas-brasileiras-levam-4-medalhas-no-1o-dia-do-grand-prix-de-lima","status":"publish","type":"post","link":"https:\/\/newsabsoluto.com.br\/?p=1232","title":{"rendered":"Judocas brasileiras levam 4 medalhas no 1\u00ba dia do Grand Prix de Lima"},"content":{"rendered":"<p style=\"text-align:center\"><a class=\"\" href=\"https:\/\/agenciabrasil.ebc.com.br\/esportes\/noticia\/2025-10\/judocas-brasileiras-levam-4-medalhas-no-1o-dia-do-grand-prix-de-lima-0\"> <img decoding=\"async\" src=\"https:\/\/cdn.jsdelivr.net\/gh\/sergiosdlima\/assets-ebc@1.0.0\/abr\/assets\/images\/logo-agenciabrasil.svg\" alt=\"Logo Ag\u00eancia Brasil\" style=\"height: 54px\"> <\/a><\/p>\n<p>A delega\u00e7\u00e3o brasileira feminina de jud\u00f4 emplacou quatro p\u00f3dios, com direito a dobradinha ouro e prata, na abertura do Grand Prix de Jud\u00f4 em Lima (Peru. Na categoria at\u00e9 52 quilos, J\u00e9ssica Pereira foi campe\u00e3 na noite de s\u00e1bado (11) ao vencer Gabriela Concei\u00e7\u00e3o, em final 100% nacional. Nos 57 kg, J\u00e9ssica Lima e Shirlen Nascimento\u00a0levaram um bronze cada.\u00a0A competi\u00e7\u00e3o vai at\u00e9 segunda-feira (13), com transmiss\u00e3o ao vivo<strong> <\/strong>das\u00a0lutas classificat\u00f3rias na<a href=\"https:\/\/judotv.com\/\"><strong> Judo TV <\/strong><\/a>a partir de 12h30 (hor\u00e1rio de Bras\u00edlia), e das finais no<a href=\"https:\/\/www.youtube.com\/@TimeBrasil\/streams\"><strong> canal do Time Brasil <\/strong><\/a>no YouTube a partir das 19h.\u00a0<img decoding=\"async\" src=\"https:\/\/agenciabrasil.ebc.com.br\/ebc.png?id=1662395&amp;o=rss\" style=\"width:1px;height:1px\"><img decoding=\"async\" src=\"https:\/\/agenciabrasil.ebc.com.br\/ebc.gif?id=1662395&amp;o=rss\" style=\"width:1px;height:1px\"> <\/p>\n<p>O Brasil conta com 24 judocas em Lima (metade em cada g\u00eanero), entre eles atletas medalhistas ol\u00edmpicos como Rafaela Silva (63 kg), Daniel Cargnin, Guilherme Schimidt e William Lima. Prata nos Jogos de Paris, Willian volta a competir ap\u00f3s um ano afastado dos tatames. \u00c9 a maior delega\u00e7\u00e3o brasileira em um evento internacional este ano. \u00a0<\/p>\n<blockquote class=\"instagram-media\" data-instgrm-captioned=\"\" data-instgrm-permalink=\"https:\/\/www.instagram.com\/reel\/DPsBR29jCRz\/?utm_source=ig_embed&amp;utm_campaign=loading\" data-instgrm-version=\"14\" style=\"background:#FFF;border:0;border-radius:3px;margin: 1px;max-width:540px;min-width:326px;padding:0;width:99.375%;width:-webkit-calc(100% - 2px);width:calc(100% - 2px)\"><\/blockquote>\n<p>Na luta pelo ouro nos 52 kg, a carioca J\u00e9ssica Pereira arrancou a vit\u00f3ria ao desferir um yuko contra a compatriota Gabriela Concei\u00e7\u00e3o, encerrando a disputa em pouco mais de um minuto.<\/p>\n<p>\u201cMuito feliz por ter conquistado a medalha de ouro! Essa vit\u00f3ria representa n\u00e3o apenas o resultado de uma competi\u00e7\u00e3o, mas tamb\u00e9m de muita dedica\u00e7\u00e3o, supera\u00e7\u00e3o e for\u00e7a. Lutei com o cora\u00e7\u00e3o e dei o meu melhor em cada momento\u201d, disse J\u00e9ssica em<a href=\"https:\/\/www.instagram.com\/p\/DPthCZfkTTI\/?img_index=1\"><strong> publica\u00e7\u00e3o no Instagram.<\/strong><\/a><\/p>\n<p><a href=\"https:\/\/agenciabrasil.ebc.com.br\/geral\/noticia\/2025-06\/sem-podio-por-equipes-brasil-acaba-mundial-de-judo-com-duas-medalhas\"><strong>Bronze no Mundial de Budapeste<\/strong><\/a> (Hungria) em junho, <a href=\"https:\/\/www.instagram.com\/p\/DPsFh1egMZO\/\"><strong>Shirlen Nascimento<\/strong><\/a>\u00a0sofreu rev\u00e9s na estreia nas quartas de final contra a francesa Amandine Buchard (prata em T\u00f3quio 2020 e bronze em Paris 2024). Na sequ\u00eancia ela derrotou por ippon duas israelenses para assegurar o bronze.<\/p>\n<p>O caminho da paulista <a href=\"https:\/\/www.instagram.com\/p\/DPsGBK_AJeJ\/\"><strong>J\u00e9ssica Lima <\/strong><\/a>no Grand Prix de Lima come\u00e7ou com vit\u00f3ria de virada contra a polonesa Karolina Siennicka nas oitavas. Na sequ\u00eancia, ela bateu a a israelense Hili Zakroisky com ippon. J\u00e1 na semifinal, J\u00e9ssica tamb\u00e9m foi superada pela franc\u00eas Buchard, que j\u00e1 derrotara Shirlen Nascimento. Na luta pelo bronze, J\u00e9ssica venceu a brit\u00e2nica Acelya Toprak.<\/p>\n<blockquote class=\"instagram-media\" data-instgrm-captioned=\"\" data-instgrm-permalink=\"https:\/\/www.instagram.com\/p\/DPsJdZBAOyW\/?utm_source=ig_embed&amp;utm_campaign=loading\" data-instgrm-version=\"14\" style=\"background:#FFF;border:0;border-radius:3px;margin: 1px;max-width:540px;min-width:326px;padding:0;width:99.375%;width:-webkit-calc(100% - 2px);width:calc(100% - 2px)\">\n<div style=\"padding:16px\">\n<div style=\"flex-direction: row;align-items: center\">\n<div style=\"background-color: #F4F4F4;border-radius: 50%;flex-grow: 0;height: 40px;margin-right: 14px;width: 40px\">\u00a0<\/div>\n<div style=\"flex-direction: column;flex-grow: 1;justify-content: center\">\n<div style=\"background-color: #F4F4F4;border-radius: 4px;flex-grow: 0;height: 14px;margin-bottom: 6px;width: 100px\">\u00a0<\/div>\n<div style=\"background-color: #F4F4F4;border-radius: 4px;flex-grow: 0;height: 14px;width: 60px\">\u00a0<\/div><\/div><\/div>\n<div style=\"padding: 19% 0\">\u00a0<\/div>\n<div style=\"height:50px;margin:0 auto 12px;width:50px\"><a href=\"https:\/\/www.instagram.com\/p\/DPsJdZBAOyW\/?utm_source=ig_embed&amp;utm_campaign=loading\" style=\"background:#FFFFFF;line-height:0;padding:0 0;text-align:center;text-decoration:none;width:100%\" target=\"_blank\"><\/a><\/div>\n<div style=\"padding-top: 8px\">\n<div style=\"color:#3897f0;font-family:Arial,sans-serif;font-size:14px;font-style:normal;font-weight:550;line-height:18px\"><a href=\"https:\/\/www.instagram.com\/p\/DPsJdZBAOyW\/?utm_source=ig_embed&amp;utm_campaign=loading\" style=\"background:#FFFFFF;line-height:0;padding:0 0;text-align:center;text-decoration:none;width:100%\" target=\"_blank\">Ver essa foto no Instagram<\/a><\/div><\/div>\n<div style=\"padding: 12.5% 0\">\u00a0<\/div>\n<div style=\"flex-direction: row;margin-bottom: 14px;align-items: center\">\n<div>\n<div style=\"background-color: #F4F4F4;border-radius: 50%;height: 12.5px;width: 12.5px\">\u00a0<\/div>\n<div style=\"background-color: #F4F4F4;height: 12.5px;width: 12.5px;flex-grow: 0;margin-right: 14px;margin-left: 2px\">\u00a0<\/div>\n<div style=\"background-color: #F4F4F4;border-radius: 50%;height: 12.5px;width: 12.5px\">\u00a0<\/div><\/div>\n<div style=\"margin-left: 8px\">\n<div style=\"background-color: #F4F4F4;border-radius: 50%;flex-grow: 0;height: 20px;width: 20px\">\u00a0<\/div>\n<div style=\"width: 0;height: 0;border-top: 2px solid transparent;border-left: 6px solid #f4f4f4;border-bottom: 2px solid transparent\">\u00a0<\/div><\/div>\n<div style=\"margin-left: auto\">\n<div style=\"width: 0px;border-top: 8px solid #F4F4F4;border-right: 8px solid transparent\">\u00a0<\/div>\n<div style=\"background-color: #F4F4F4;flex-grow: 0;height: 12px;width: 16px\">\u00a0<\/div>\n<div style=\"width: 0;height: 0;border-top: 8px solid #F4F4F4;border-left: 8px solid transparent\">\u00a0<\/div><\/div><\/div>\n<div style=\"flex-direction: column;flex-grow: 1;justify-content: center;margin-bottom: 24px\">\n<div style=\"background-color: #F4F4F4;border-radius: 4px;flex-grow: 0;height: 14px;margin-bottom: 6px;width: 224px\">\u00a0<\/div>\n<div style=\"background-color: #F4F4F4;border-radius: 4px;flex-grow: 0;height: 14px;width: 144px\">\u00a0<\/div><\/div>\n<p style=\"color:#c9c8cd;font-family:Arial,sans-serif;font-size:14px;line-height:17px;margin-bottom:0;margin-top:8px;overflow:hidden;padding:8px 0 7px;text-align:center\"><a href=\"https:\/\/www.instagram.com\/p\/DPsJdZBAOyW\/?utm_source=ig_embed&amp;utm_campaign=loading\" style=\"color:#c9c8cd;font-family:Arial,sans-serif;font-size:14px;font-style:normal;font-weight:normal;line-height:17px;text-decoration:none\" target=\"_blank\">Uma publica\u00e7\u00e3o compartilhada por CBJ (@judocbj)<\/a><\/p>\n<\/p><\/div>\n<\/blockquote>\n<h2>Brasileiros no Grand Prix de Lima*<\/h2>\n<p><strong>Domingo (12)<\/strong><\/p>\n<p>63kg feminino:\u00a0Nauana Silva\u00a0(11\u00aa do ranking mundial),\u00a0Rafaela Silva\u00a0(18\u00aa)<\/p>\n<p>-70kg feminino:\u00a0Luana Carvalho (26\u00aa),\u00a0Ellen Froner\u00a0(56\u00aa)<\/p>\n<p>-73kg masculino: Daniel Cargnin (11\u00ba),\u00a0Willian Lima\u00a0(sem ranking)<\/p>\n<p>-81kg masculino:\u00a0Gabriel Falc\u00e3o\u00a0(25\u00ba) do ranking),\u00a0Pedro Medeiros\u00a0(167\u00ba)<\/p>\n<p><strong>Segunda (13)<\/strong><\/p>\n<p>-78kg feminino:\u00a0Karol Gimenes\u00a0(20\u00aa),\u00a0Beatriz Freitas\u00a0(2\u00aa )<\/p>\n<p>+78kg feminino:\u00a0Giovanna Santos\u00a0(58\u00aa ),\u00a0K\u00e1tia Alves\u00a0(106\u00aa)<\/p>\n<p>-90kg masculino:\u00a0Rafael Macedo\u00a0(5\u00ba),\u00a0Guilherme Schimidt\u00a0(sem ranking)<\/p>\n<p>-100kg masculino:\u00a0Leonardo Gon\u00e7alves (4\u00ba),\u00a0Giovani Ferreira\u00a0(sem ranking)<\/p>\n<p>+100kg masculino:\u00a0Rafael Buzacarini\u00a0(50\u00ba),\u00a0Lucas Lima\u00a0(90\u00ba)<\/p>\n<p><em>*\u00a0Preliminares a partir das\u00a012h\u00a0(Judo TV) e\u00a0Finais a partir das 19h no canal Time Brasil no YouTube.<\/em><\/p>\n","protected":false},"excerpt":{"rendered":"<p>A delega\u00e7\u00e3o brasileira feminina de jud\u00f4 emplacou quatro p\u00f3dios, com direito a dobradinha ouro e prata, na abertura do Grand Prix de Jud\u00f4 em Lima (Peru. Na categoria at\u00e9 52 quilos, J\u00e9ssica Pereira foi campe\u00e3 na noite de s\u00e1bado (11) ao vencer Gabriela Concei\u00e7\u00e3o, em final 100% nacional. Nos 57 kg, J\u00e9ssica Lima e Shirlen [&hellip;]<\/p>\n","protected":false},"author":1,"featured_media":1233,"comment_status":"open","ping_status":"open","sticky":false,"template":"","format":"standard","meta":{"footnotes":""},"categories":[17],"tags":[],"class_list":["post-1232","post","type-post","status-publish","format-standard","has-post-thumbnail","hentry","category-esportes"],"_links":{"self":[{"href":"https:\/\/newsabsoluto.com.br\/index.php?rest_route=\/wp\/v2\/posts\/1232","targetHints":{"allow":["GET"]}}],"collection":[{"href":"https:\/\/newsabsoluto.com.br\/index.php?rest_route=\/wp\/v2\/posts"}],"about":[{"href":"https:\/\/newsabsoluto.com.br\/index.php?rest_route=\/wp\/v2\/types\/post"}],"author":[{"embeddable":true,"href":"https:\/\/newsabsoluto.com.br\/index.php?rest_route=\/wp\/v2\/users\/1"}],"replies":[{"embeddable":true,"href":"https:\/\/newsabsoluto.com.br\/index.php?rest_route=%2Fwp%2Fv2%2Fcomments&post=1232"}],"version-history":[{"count":0,"href":"https:\/\/newsabsoluto.com.br\/index.php?rest_route=\/wp\/v2\/posts\/1232\/revisions"}],"wp:featuredmedia":[{"embeddable":true,"href":"https:\/\/newsabsoluto.com.br\/index.php?rest_route=\/wp\/v2\/media\/1233"}],"wp:attachment":[{"href":"https:\/\/newsabsoluto.com.br\/index.php?rest_route=%2Fwp%2Fv2%2Fmedia&parent=1232"}],"wp:term":[{"taxonomy":"category","embeddable":true,"href":"https:\/\/newsabsoluto.com.br\/index.php?rest_route=%2Fwp%2Fv2%2Fcategories&post=1232"},{"taxonomy":"post_tag","embeddable":true,"href":"https:\/\/newsabsoluto.com.br\/index.php?rest_route=%2Fwp%2Fv2%2Ftags&post=1232"}],"curies":[{"name":"wp","href":"https:\/\/api.w.org\/{rel}","templated":true}]}}