{"id":1224,"date":"2025-10-12T15:38:00","date_gmt":"2025-10-12T15:38:00","guid":{"rendered":"https:\/\/newsabsoluto.com.br\/?p=1224"},"modified":"2025-10-12T15:38:00","modified_gmt":"2025-10-12T15:38:00","slug":"lula-chega-a-roma-para-eventos-sobre-seguranca-alimentar","status":"publish","type":"post","link":"https:\/\/newsabsoluto.com.br\/?p=1224","title":{"rendered":"Lula chega a Roma para eventos sobre seguran\u00e7a alimentar"},"content":{"rendered":"<p style=\"text-align:center\"><a class=\"\" href=\"https:\/\/agenciabrasil.ebc.com.br\/internacional\/noticia\/2025-10\/lula-chega-roma-para-eventos-sobre-seguranca-alimentar\"> <img decoding=\"async\" src=\"https:\/\/cdn.jsdelivr.net\/gh\/sergiosdlima\/assets-ebc@1.0.0\/abr\/assets\/images\/logo-agenciabrasil.svg\" alt=\"Logo Ag\u00eancia Brasil\" style=\"height: 54px\"> <\/a><\/p>\n<p><strong>O presidente Luiz In\u00e1cio Lula da Silva chegou a Roma, na It\u00e1lia, neste domingo (12), para participar da abertura do F\u00f3rum Mundial da Alimenta\u00e7\u00e3o, promovido pela Organiza\u00e7\u00e3o das Na\u00e7\u00f5es Unidas para Alimenta\u00e7\u00e3o e Agricultura (FAO), <\/strong>que ser\u00e1 realizado amanh\u00e3 (13). A comitiva desembarcou por volta das 10h30 no hor\u00e1rio local (5h30 em Bras\u00edlia).<img decoding=\"async\" src=\"https:\/\/agenciabrasil.ebc.com.br\/ebc.png?id=1662388&amp;o=rss\" style=\"width:1px;height:1px\"><img decoding=\"async\" src=\"https:\/\/agenciabrasil.ebc.com.br\/ebc.gif?id=1662388&amp;o=rss\" style=\"width:1px;height:1px\"> <\/p>\n<p>O convite para a participa\u00e7\u00e3o no f\u00f3rum partiu do diretor-geral da FAO, Qu Dongyu, em julho, quando o presidente brasileiro foi informado de que o <a href=\"https:\/\/agenciabrasil.ebc.com.br\/internacional\/noticia\/2025-07\/brasil-sai-do-mapa-da-fome-indica-relatorio-onu\" target=\"_blank\">Brasil saiu do Mapa da Fome<\/a>. O pa\u00eds est\u00e1 abaixo do patamar de 2,5% da popula\u00e7\u00e3o em risco de subnutri\u00e7\u00e3o ou de falta de acesso \u00e0 alimenta\u00e7\u00e3o suficiente.<\/p>\n<h3>Not\u00edcias relacionadas:<\/h3>\n<ul>\n<li><a href=\"https:\/\/agenciabrasil.ebc.com.br\/internacional\/noticia\/2025-10\/lula-visitara-papa-leao-xiv-durante-visita-roma\">Lula visitar\u00e1 Papa Le\u00e3o XIV durante visita a Roma.<\/a><\/li>\n<li><a href=\"https:\/\/agenciabrasil.ebc.com.br\/internacional\/noticia\/2025-10\/especialistas-questionam-escolha-de-premio-nobel-da-paz\">Especialistas questionam escolha de pr\u00eamio Nobel da Paz.<\/a><\/li>\n<li><a href=\"https:\/\/agenciabrasil.ebc.com.br\/internacional\/noticia\/2025-10\/lula-viaja-para-roma-para-abertura-do-forum-mundial-da-alimentacao\">Lula viaja para Roma para abertura do F\u00f3rum Mundial da Alimenta\u00e7\u00e3o.<\/a><\/li>\n<\/ul>\n<p>\u201cO Brasil saiu do Mapa da Fome outra vez. N\u00f3s conseguimos tirar 30 milh\u00f5es de pessoas da fome em dois anos e meio de governo e vai ter um grande encontro em Roma, na FAO, e eu vou ter que falar como o orador principal desse encontro\u201d, disse Lula, em entrevista recente. <\/p>\n<p>O F\u00f3rum Mundial da Alimenta\u00e7\u00e3o vai at\u00e9 o dia 18, per\u00edodo em que tamb\u00e9m ser\u00e3o comemorados os 80 anos de cria\u00e7\u00e3o da FAO.<\/p>\n<p><strong>Tamb\u00e9m nesta segunda-feira, o presidente brasileiro ser\u00e1 recebido pelo Papa Le\u00e3o XIV, no Vaticano. <\/strong>A reuni\u00e3o entre Lula e o l\u00edder da Igreja Cat\u00f3lica ser\u00e1 a primeira desde que <a href=\"https:\/\/agenciabrasil.ebc.com.br\/internacional\/noticia\/2025-05\/papa-leao-xiv-pede-paz-e-lembra-francisco-ajudem-construir-pontes\" target=\"_blank\">Le\u00e3o XIV foi eleito papa<\/a>, em maio deste ano.<\/p>\n<h2>Alian\u00e7a contra a fome<\/h2>\n<p>Na viagem, Lula participa ainda\u00a0da segunda reuni\u00e3o do <a href=\"https:\/\/globalallianceagainsthungerandpoverty.org\/pt-br\/\" target=\"_blank\">Conselho de Campe\u00f5es da Alian\u00e7a Global contra a Fome e a Pobreza<\/a>, que \u00e9 composto por ministros, representantes de governos, ag\u00eancias da Organiza\u00e7\u00e3o das Na\u00e7\u00f5es Unidas (ONU), bancos multilaterais e organiza\u00e7\u00f5es da sociedade civil.<\/p>\n<p><strong>Presidido em parceria entre\u00a0Brasil e Espanha, o encontro ocorrer\u00e1 em formato h\u00edbrido e vai avaliar o progresso da iniciativa desde a cria\u00e7\u00e3o, em 2024<\/strong>. A edi\u00e7\u00e3o de 2025 ser\u00e1 marcada por uma s\u00e9rie de atividades comemorativas e de reconhecimento de boas pr\u00e1ticas em seguran\u00e7a alimentar e agricultura sustent\u00e1vel.<\/p>\n<p><strong>Entre os principais temas est\u00e3o os avan\u00e7os da Iniciativa de Implementa\u00e7\u00e3o Acelerada (Fast Track), que apoia planos nacionais de combate \u00e0 fome e \u00e0 pobreza em pa\u00edses como Eti\u00f3pia, Qu\u00eania, Haiti, Ruanda e Z\u00e2mbia, com mais de 80 manifesta\u00e7\u00f5es de interesse por parte de parceiros financeiros e t\u00e9cnicos.<\/strong><\/p>\n<p>Os primeiros resultados devem ser apresentados durante a C\u00fapula Mundial sobre Desenvolvimento Social da ONU, quando a alian\u00e7a far\u00e1 sua primeira reuni\u00e3o de alto n\u00edvel. O evento ocorrer\u00e1 em Doha, no Catar, em 3 de novembro.<\/p>\n<p>A <a href=\"https:\/\/agenciabrasil.ebc.com.br\/direitos-humanos\/noticia\/2024-11\/entenda-como-funcionara-alianca-global-contra-fome-e-pobreza\" target=\"_blank\">Alian\u00e7a Global contra a Fome e a Pobreza<\/a>\u00a0foi lan\u00e7ada durante a presid\u00eancia brasileira no G20 para apoiar e acelerar os esfor\u00e7os para erradicar a fome e reduzir as desigualdades. A inciativa j\u00e1 conta com quase 200 membros, sendo 102 pa\u00edses, al\u00e9m 53 funda\u00e7\u00f5es, 30 organiza\u00e7\u00f5es internacionais e 14 institui\u00e7\u00f5es financeiras, que s\u00e3o as principais fontes de financiamento dos projetos e planos da alian\u00e7a.<\/p>\n<p><strong>Lula tamb\u00e9m vai inaugurar o espa\u00e7o onde funcionar\u00e3o os mecanismos de apoio da alian\u00e7a global, que funcionar\u00e1 como secretariado da iniciativa, com sede na FAO e escrit\u00f3rios em Bras\u00edlia, Adis Abeba, Bangkok e Washington.<\/strong><\/p>\n<p>O retorno da comitiva presidencial para o Brasil est\u00e1 previsto ainda para esta segunda-feira.<\/p>\n","protected":false},"excerpt":{"rendered":"<p>O presidente Luiz In\u00e1cio Lula da Silva chegou a Roma, na It\u00e1lia, neste domingo (12), para participar da abertura do F\u00f3rum Mundial da Alimenta\u00e7\u00e3o, promovido pela Organiza\u00e7\u00e3o das Na\u00e7\u00f5es Unidas para Alimenta\u00e7\u00e3o e Agricultura (FAO), que ser\u00e1 realizado amanh\u00e3 (13). A comitiva desembarcou por volta das 10h30 no hor\u00e1rio local (5h30 em Bras\u00edlia). O convite [&hellip;]<\/p>\n","protected":false},"author":1,"featured_media":1225,"comment_status":"open","ping_status":"open","sticky":false,"template":"","format":"standard","meta":{"footnotes":""},"categories":[22],"tags":[],"class_list":["post-1224","post","type-post","status-publish","format-standard","has-post-thumbnail","hentry","category-internacional"],"_links":{"self":[{"href":"https:\/\/newsabsoluto.com.br\/index.php?rest_route=\/wp\/v2\/posts\/1224","targetHints":{"allow":["GET"]}}],"collection":[{"href":"https:\/\/newsabsoluto.com.br\/index.php?rest_route=\/wp\/v2\/posts"}],"about":[{"href":"https:\/\/newsabsoluto.com.br\/index.php?rest_route=\/wp\/v2\/types\/post"}],"author":[{"embeddable":true,"href":"https:\/\/newsabsoluto.com.br\/index.php?rest_route=\/wp\/v2\/users\/1"}],"replies":[{"embeddable":true,"href":"https:\/\/newsabsoluto.com.br\/index.php?rest_route=%2Fwp%2Fv2%2Fcomments&post=1224"}],"version-history":[{"count":0,"href":"https:\/\/newsabsoluto.com.br\/index.php?rest_route=\/wp\/v2\/posts\/1224\/revisions"}],"wp:featuredmedia":[{"embeddable":true,"href":"https:\/\/newsabsoluto.com.br\/index.php?rest_route=\/wp\/v2\/media\/1225"}],"wp:attachment":[{"href":"https:\/\/newsabsoluto.com.br\/index.php?rest_route=%2Fwp%2Fv2%2Fmedia&parent=1224"}],"wp:term":[{"taxonomy":"category","embeddable":true,"href":"https:\/\/newsabsoluto.com.br\/index.php?rest_route=%2Fwp%2Fv2%2Fcategories&post=1224"},{"taxonomy":"post_tag","embeddable":true,"href":"https:\/\/newsabsoluto.com.br\/index.php?rest_route=%2Fwp%2Fv2%2Ftags&post=1224"}],"curies":[{"name":"wp","href":"https:\/\/api.w.org\/{rel}","templated":true}]}}