{"id":1218,"date":"2025-10-12T14:57:00","date_gmt":"2025-10-12T14:57:00","guid":{"rendered":"https:\/\/newsabsoluto.com.br\/?p=1218"},"modified":"2025-10-12T14:57:00","modified_gmt":"2025-10-12T14:57:00","slug":"missa-no-cristo-redentor-celebra-aniversario-do-santuario","status":"publish","type":"post","link":"https:\/\/newsabsoluto.com.br\/?p=1218","title":{"rendered":"Missa no Cristo Redentor celebra anivers\u00e1rio do santu\u00e1rio"},"content":{"rendered":"<p style=\"text-align:center\"><a class=\"\" href=\"https:\/\/agenciabrasil.ebc.com.br\/geral\/noticia\/2025-10\/missa-no-cristo-redentor-celebra-aniversario-do-santuario\"> <img decoding=\"async\" src=\"https:\/\/cdn.jsdelivr.net\/gh\/sergiosdlima\/assets-ebc@1.0.0\/abr\/assets\/images\/logo-agenciabrasil.svg\" alt=\"Logo Ag\u00eancia Brasil\" style=\"height: 54px\"> <\/a><\/p>\n<p><strong>Para comemorar os 94 anos do Santu\u00e1rio do Cristo Redentor, o <a href=\"https:\/\/agenciabrasil.ebc.com.br\/geral\/noticia\/2025-10\/mais-brincadeira-menos-tela-confira-dicas-para-uma-infancia-saudavel\" target=\"_blank\">Dia das Crian\u00e7as<\/a> e o de Nossa Senhora Aparecida, padroeira do Brasil,\u00a0foi realizada neste domingo (12), \u00e0s 8h,\u00a0no Alto do Corcovado, uma missa em a\u00e7\u00e3o de gra\u00e7as celebrada pelo reitor do Santu\u00e1rio, padre Omar Raposo.<\/strong><img decoding=\"async\" src=\"https:\/\/agenciabrasil.ebc.com.br\/ebc.png?id=1662385&amp;o=rss\" style=\"width:1px;height:1px\"><img decoding=\"async\" src=\"https:\/\/agenciabrasil.ebc.com.br\/ebc.gif?id=1662385&amp;o=rss\" style=\"width:1px;height:1px\"> <\/p>\n<p>A celebra\u00e7\u00e3o cat\u00f3lica teve a presen\u00e7a do comediante Renato Arag\u00e3o, apresentado como um dos novos Embaixadores do Cristo Redentor para a Cultura e o Turismo, atrav\u00e9s de lei municipal de 14 de julho de 2025, que instituiu o Dia do Cristo Redentor no calend\u00e1rio oficial da cidade do Rio de Janeiro.<\/p>\n<h3>Not\u00edcias relacionadas:<\/h3>\n<ul>\n<li><a href=\"https:\/\/agenciabrasil.ebc.com.br\/internacional\/noticia\/2025-10\/unicef-pede-ajuda-para-gaza-e-alerta-para-alta-de-mortes-de-criancas\">Unicef pede ajuda para Gaza e alerta para alta de mortes de crian\u00e7as.<\/a><\/li>\n<li><a href=\"https:\/\/agenciabrasil.ebc.com.br\/geral\/noticia\/2025-08\/hoje-e-dia-dia-das-criancas-e-nossa-senhora-aparecida-sao-destaques\">Hoje \u00e9 Dia: Dia das Crian\u00e7as e Nossa Senhora Aparecida s\u00e3o destaques.<\/a><\/li>\n<li><a href=\"https:\/\/agenciabrasil.ebc.com.br\/geral\/noticia\/2025-10\/mais-brincadeira-menos-tela-confira-dicas-para-uma-infancia-saudavel\">Mais brincadeira, menos tela: confira dicas para uma inf\u00e2ncia saud\u00e1vel.<\/a><\/li>\n<\/ul>\n<p>Renato Arag\u00e3o foi chamado ao altar, onde colocou a coroa na cabe\u00e7a de Nossa Senhora Aparecida, padroeira do Brasil. <\/p>\n<p>Apesar do c\u00e9u nublado, com o nevoeiro encobrindo a est\u00e1tua do Cristo, centenas de fi\u00e9is estiveram presentes na celebra\u00e7\u00e3o. Durante a hom\u00edlia, o padre Omar pediu que Nossa Senhora ore pelas crian\u00e7as esquecidas, em situa\u00e7\u00e3o de vulnerabilidade e exclu\u00eddas da escola e de outros direitos garantidos pela Constitui\u00e7\u00e3o.\u00a0<\/p>\n<p><strong>A programa\u00e7\u00e3o come\u00e7ou com o lan\u00e7amento da campanha social Cl\u00e1ssico \u00e9 Brincar, promovida pelo Cons\u00f3rcio Cristo Sustent\u00e1vel e\u00a0pelo Festival Cl\u00e1ssicos do Brasil, que tem a meta de arrecadar 10 mil brinquedos e livros infantis para crian\u00e7as em situa\u00e7\u00e3o de vulnerabilidade social at\u00e9 o dia 31 de outubro.<\/strong><\/p>\n<p>Durante o dia, tamb\u00e9m foi iniciada missa \u00e0s 11h, e a programa\u00e7\u00e3o prev\u00ea celebra\u00e7\u00f5es\u00a0\u00e0s 15h e \u00e0s 17h. Tamb\u00e9m haver\u00e1\u00a0a Ora\u00e7\u00e3o do \u00c2ngelus ao meio-dia e \u00e0s 18h, no Santu\u00e1rio do Cristo Redentor.\u00a0<\/p>\n<p>Segundo o Alerta Rio,\u00a0as condi\u00e7\u00f5es atmosf\u00e9ricas neste domingo na cidade do Rio de Janeiro ser\u00e3o influenciadas pelo calor e \u00e1reas de instabilidade em m\u00e9dios\/altos n\u00edveis da atmosfera. Assim, o c\u00e9u ir\u00e1 variar entre parcialmente nublado e nublado, com previs\u00e3o de pancadas de chuva isoladas a partir do fim da tarde. Os ventos estar\u00e3o fracos a moderados e as temperaturas apresentar\u00e3o eleva\u00e7\u00e3o, com m\u00e1xima prevista de 33\u00b0C.<\/p>\n<p>Nesta segunda-feira (13), o monumento ao Cristo Redentor receber\u00e1 \u00e0s 19h, uma ilumina\u00e7\u00e3o especial em azul para celebrar a Gemina\u00e7\u00e3o entre o Santu\u00e1rio Arquidiocesano Cristo Redentor e o Santu\u00e1rio Santa Dulce dos Pobres, na Bahia. Os santu\u00e1rios passar\u00e3o a se conectar com parcerias nas \u00e1reas de F\u00e9, Turismo, Cultura, Desenvolvimento Sustent\u00e1vel e Social. A gemina\u00e7\u00e3o tem como objetivo partilhar experi\u00eancias.<\/p>\n","protected":false},"excerpt":{"rendered":"<p>Para comemorar os 94 anos do Santu\u00e1rio do Cristo Redentor, o Dia das Crian\u00e7as e o de Nossa Senhora Aparecida, padroeira do Brasil,\u00a0foi realizada neste domingo (12), \u00e0s 8h,\u00a0no Alto do Corcovado, uma missa em a\u00e7\u00e3o de gra\u00e7as celebrada pelo reitor do Santu\u00e1rio, padre Omar Raposo. A celebra\u00e7\u00e3o cat\u00f3lica teve a presen\u00e7a do comediante Renato [&hellip;]<\/p>\n","protected":false},"author":1,"featured_media":1219,"comment_status":"open","ping_status":"open","sticky":false,"template":"","format":"standard","meta":{"footnotes":""},"categories":[7],"tags":[],"class_list":["post-1218","post","type-post","status-publish","format-standard","has-post-thumbnail","hentry","category-geral"],"_links":{"self":[{"href":"https:\/\/newsabsoluto.com.br\/index.php?rest_route=\/wp\/v2\/posts\/1218","targetHints":{"allow":["GET"]}}],"collection":[{"href":"https:\/\/newsabsoluto.com.br\/index.php?rest_route=\/wp\/v2\/posts"}],"about":[{"href":"https:\/\/newsabsoluto.com.br\/index.php?rest_route=\/wp\/v2\/types\/post"}],"author":[{"embeddable":true,"href":"https:\/\/newsabsoluto.com.br\/index.php?rest_route=\/wp\/v2\/users\/1"}],"replies":[{"embeddable":true,"href":"https:\/\/newsabsoluto.com.br\/index.php?rest_route=%2Fwp%2Fv2%2Fcomments&post=1218"}],"version-history":[{"count":0,"href":"https:\/\/newsabsoluto.com.br\/index.php?rest_route=\/wp\/v2\/posts\/1218\/revisions"}],"wp:featuredmedia":[{"embeddable":true,"href":"https:\/\/newsabsoluto.com.br\/index.php?rest_route=\/wp\/v2\/media\/1219"}],"wp:attachment":[{"href":"https:\/\/newsabsoluto.com.br\/index.php?rest_route=%2Fwp%2Fv2%2Fmedia&parent=1218"}],"wp:term":[{"taxonomy":"category","embeddable":true,"href":"https:\/\/newsabsoluto.com.br\/index.php?rest_route=%2Fwp%2Fv2%2Fcategories&post=1218"},{"taxonomy":"post_tag","embeddable":true,"href":"https:\/\/newsabsoluto.com.br\/index.php?rest_route=%2Fwp%2Fv2%2Ftags&post=1218"}],"curies":[{"name":"wp","href":"https:\/\/api.w.org\/{rel}","templated":true}]}}