{"id":1214,"date":"2025-10-12T14:14:00","date_gmt":"2025-10-12T14:14:00","guid":{"rendered":"https:\/\/newsabsoluto.com.br\/?p=1214"},"modified":"2025-10-12T14:14:00","modified_gmt":"2025-10-12T14:14:00","slug":"em-tratamento-contra-o-cancer-de-mama-val-marchiori-se-emociona-ao-cortar-os-cabelos","status":"publish","type":"post","link":"https:\/\/newsabsoluto.com.br\/?p=1214","title":{"rendered":"Em tratamento contra o c\u00e2ncer de mama, Val Marchiori se emociona ao cortar os cabelos"},"content":{"rendered":"<p>Em meio ao tratamento de um <a href=\"https:\/\/www1.folha.uol.com.br\/equilibrioesaude\/2025\/02\/um-em-cada-20-mulheres-recebera-diagnostico-de-cancer-de-mama-ao-longo-da-vida-projeta-estudo.shtml\" rel=\"\" target=\"\">c\u00e2ncer de mama<\/a>, a empres\u00e1ria Val Marchiori, 51, publicou neste domingo (12) um v\u00eddeo em que aparece emocionada ao cortar seus longos e loiros cabelos, uma de suas caracter\u00edsticas f\u00edsicas mais marcantes. Ela disse que a mudan\u00e7a aconteceu no dia do in\u00edcio do tratamento. (10\/12\/2025 &#8211; 11h14)<\/p>\n","protected":false},"excerpt":{"rendered":"<p>Em meio ao tratamento de um c\u00e2ncer de mama, a empres\u00e1ria Val Marchiori, 51, publicou neste domingo (12) um v\u00eddeo em que aparece emocionada ao cortar seus longos e loiros cabelos, uma de suas caracter\u00edsticas f\u00edsicas mais marcantes. Ela disse que a mudan\u00e7a aconteceu no dia do in\u00edcio do tratamento. (10\/12\/2025 &#8211; 11h14)<\/p>\n","protected":false},"author":1,"featured_media":1215,"comment_status":"open","ping_status":"open","sticky":false,"template":"","format":"standard","meta":{"footnotes":""},"categories":[2],"tags":[],"class_list":["post-1214","post","type-post","status-publish","format-standard","has-post-thumbnail","hentry","category-news"],"_links":{"self":[{"href":"https:\/\/newsabsoluto.com.br\/index.php?rest_route=\/wp\/v2\/posts\/1214","targetHints":{"allow":["GET"]}}],"collection":[{"href":"https:\/\/newsabsoluto.com.br\/index.php?rest_route=\/wp\/v2\/posts"}],"about":[{"href":"https:\/\/newsabsoluto.com.br\/index.php?rest_route=\/wp\/v2\/types\/post"}],"author":[{"embeddable":true,"href":"https:\/\/newsabsoluto.com.br\/index.php?rest_route=\/wp\/v2\/users\/1"}],"replies":[{"embeddable":true,"href":"https:\/\/newsabsoluto.com.br\/index.php?rest_route=%2Fwp%2Fv2%2Fcomments&post=1214"}],"version-history":[{"count":0,"href":"https:\/\/newsabsoluto.com.br\/index.php?rest_route=\/wp\/v2\/posts\/1214\/revisions"}],"wp:featuredmedia":[{"embeddable":true,"href":"https:\/\/newsabsoluto.com.br\/index.php?rest_route=\/wp\/v2\/media\/1215"}],"wp:attachment":[{"href":"https:\/\/newsabsoluto.com.br\/index.php?rest_route=%2Fwp%2Fv2%2Fmedia&parent=1214"}],"wp:term":[{"taxonomy":"category","embeddable":true,"href":"https:\/\/newsabsoluto.com.br\/index.php?rest_route=%2Fwp%2Fv2%2Fcategories&post=1214"},{"taxonomy":"post_tag","embeddable":true,"href":"https:\/\/newsabsoluto.com.br\/index.php?rest_route=%2Fwp%2Fv2%2Ftags&post=1214"}],"curies":[{"name":"wp","href":"https:\/\/api.w.org\/{rel}","templated":true}]}}