{"id":1202,"date":"2025-10-11T13:27:00","date_gmt":"2025-10-11T13:27:00","guid":{"rendered":"https:\/\/newsabsoluto.com.br\/?p=1202"},"modified":"2025-10-11T13:27:00","modified_gmt":"2025-10-11T13:27:00","slug":"lula-viaja-para-roma-para-abertura-do-forum-mundial-da-alimentacao","status":"publish","type":"post","link":"https:\/\/newsabsoluto.com.br\/?p=1202","title":{"rendered":"Lula viaja para Roma para abertura do F\u00f3rum Mundial da Alimenta\u00e7\u00e3o"},"content":{"rendered":"<p style=\"text-align:center\"><a class=\"\" href=\"https:\/\/agenciabrasil.ebc.com.br\/internacional\/noticia\/2025-10\/lula-viaja-para-roma-para-abertura-do-forum-mundial-da-alimentacao\"> <img decoding=\"async\" src=\"https:\/\/cdn.jsdelivr.net\/gh\/sergiosdlima\/assets-ebc@1.0.0\/abr\/assets\/images\/logo-agenciabrasil.svg\" alt=\"Logo Ag\u00eancia Brasil\" style=\"height: 54px\"> <\/a><\/p>\n<p>O presidente Luiz In\u00e1cio Lula da Silva embarca no final da tarde deste s\u00e1bado (11), na Base A\u00e9rea de Bras\u00edlia, para a It\u00e1lia. O presidente participa da abertura do F\u00f3rum Mundial da Alimenta\u00e7\u00e3o, na segunda-feira (13), em Roma, evento promovido pela Organiza\u00e7\u00e3o das Na\u00e7\u00f5es Unidas para Alimenta\u00e7\u00e3o e Agricultura (FAO). Na sequ\u00eancia, <a href=\"https:\/\/agenciabrasil.ebc.com.br\/internacional\/noticia\/2025-10\/lula-vai-roma-para-reuniao-de-alianca-global-contra-fome\" target=\"_blank\">participa da reuni\u00e3o presencial do Conselho de Campe\u00f5es da Alian\u00e7a Global contra a Fome e a Pobreza<\/a>.<img decoding=\"async\" src=\"https:\/\/agenciabrasil.ebc.com.br\/ebc.png?id=1662342&amp;o=rss\" style=\"width:1px;height:1px\"><img decoding=\"async\" src=\"https:\/\/agenciabrasil.ebc.com.br\/ebc.gif?id=1662342&amp;o=rss\" style=\"width:1px;height:1px\"> <\/p>\n<p>Copresidida por Brasil e Espanha, a Segunda Reuni\u00e3o do Conselho de Campe\u00f5es da Alian\u00e7a Global contra a Fome e a Pobreza reunir\u00e1 ministros, representantes de governos, ag\u00eancias da ONU, bancos multilaterais e organiza\u00e7\u00f5es da sociedade civil. O encontro ocorrer\u00e1 em formato h\u00edbrido e avaliar\u00e1 o progresso da iniciativa desde sua cria\u00e7\u00e3o, em 2024.<\/p>\n<h3>Not\u00edcias relacionadas:<\/h3>\n<ul>\n<li><a href=\"https:\/\/agenciabrasil.ebc.com.br\/politica\/noticia\/2025-10\/nunca-deveria-ter-sido-truncada-diz-lula-sobre-relacao-com-trump\">Nunca deveria ter sido truncada, diz Lula sobre rela\u00e7\u00e3o com Trump.<\/a><\/li>\n<li><a href=\"https:\/\/agenciabrasil.ebc.com.br\/economia\/noticia\/2025-10\/lula-anuncia-programa-de-habitacao-para-classe-media\">Lula anuncia programa de habita\u00e7\u00e3o para classe m\u00e9dia; veja as regras .<\/a><\/li>\n<li><a href=\"https:\/\/agenciabrasil.ebc.com.br\/geral\/noticia\/2025-09\/caminhos-da-reportagem-mostra-o-que-tirou-o-brasil-do-mapa-da-fome\">Caminhos da Reportagem mostra o que tirou o Brasil do Mapa da Fome.<\/a><\/li>\n<\/ul>\n<p><strong>A Alian\u00e7a foi estabelecida como uma proposta da presid\u00eancia brasileira do G20 para <a href=\"https:\/\/agenciabrasil.ebc.com.br\/direitos-humanos\/noticia\/2024-11\/alianca-global-contra-fome-ja-pode-beneficiar-500-milhoes-de-pessoas\" target=\"_blank\">apoiar e acelerar os esfor\u00e7os para erradicar a fome<\/a> e a pobreza e, ao mesmo tempo, reduzir as desigualdades.<\/strong> <\/p>\n<p>Entre os principais temas est\u00e3o os avan\u00e7os da Iniciativa de Implementa\u00e7\u00e3o Acelerada (Fast Track), que apoia planos nacionais de combate \u00e0 fome e \u00e0 pobreza em pa\u00edses como Eti\u00f3pia, Qu\u00eania, Haiti, Ruanda e Z\u00e2mbia, com mais de 80 manifesta\u00e7\u00f5es de interesse por parte de parceiros financeiros e t\u00e9cnicos.\u00a0<\/p>\n<p><strong>Como parte da iniciativa, a Alian\u00e7a Global contra a Fome e a Pobreza est\u00e1 apoiando ativamente o desenvolvimento de nove planos nacionais voltados para acelerar a a\u00e7\u00e3o contra a fome, a pobreza e os riscos clim\u00e1ticos.<\/strong><\/p>\n<p>De acordo com o Itamaraty, a Alian\u00e7a est\u00e1 prestes a contabilizar 200 membros, entre pa\u00edses e organismos como ag\u00eancias, programas, institui\u00e7\u00f5es universit\u00e1rias e bancos de desenvolvimento \u2013 as principais fontes de financiamento de seus projetos e planos.<\/p>\n<p>H\u00e1, atualmente, 13 pedidos de novos integrantes no grupo, sendo sete do continente africano, dois da Am\u00e9rica Latina e Caribe, tr\u00eas do sudeste asi\u00e1tico e um do Oriente M\u00e9dio.<\/p>\n<p><strong>O presidente Lula tamb\u00e9m participar\u00e1, em Roma, da inaugura\u00e7\u00e3o do espa\u00e7o onde funcionar\u00e3o os mecanismos de apoio da Alian\u00e7a Global contra a Fome e a Pobreza, antes de retornar ao Brasil, ainda no dia 13.<\/strong><\/p>\n<p>O convite para a participa\u00e7\u00e3o de Lula no F\u00f3rum partiu do diretor-geral da FAO, Qu Dongyu, em julho, quando o presidente brasileiro foi informado, por liga\u00e7\u00e3o telef\u00f4nica, de que o <a href=\"https:\/\/agenciabrasil.ebc.com.br\/direitos-humanos\/noticia\/2025-07\/com-pais-fora-do-mapa-da-fome-lula-diz-ser-homem-mais-feliz-do-mundo\" target=\"_blank\">Brasil saiu do Mapa da Fome<\/a>.\u00a0<\/p>\n<p><strong>O F\u00f3rum Mundial da Alimenta\u00e7\u00e3o vai at\u00e9 o dia 18, per\u00edodo em que tamb\u00e9m ser\u00e3o comemorados os 80 anos de cria\u00e7\u00e3o da FAO.<\/strong> Criado em 1945, o F\u00f3rum Mundial da Alimenta\u00e7\u00e3o \u00e9 uma plataforma global para acelerar a transforma\u00e7\u00e3o dos sistemas agroalimentares, em conson\u00e2ncia com a Agenda 2030 e os Objetivos de Desenvolvimento Sustent\u00e1vel das Na\u00e7\u00f5es Unidas (ODS).\u00a0<\/p>\n<p>Estruturado nos pilares Juventude, Ci\u00eancia e Inova\u00e7\u00e3o e Investimentos, o F\u00f3rum adota os \u201cquatro melhores\u201d (four betters) que orientam a gest\u00e3o do diretor-geral, Qu Dongyu: melhor produ\u00e7\u00e3o, melhor nutri\u00e7\u00e3o, melhor meio ambiente e melhor vida.<\/p>\n<p><strong>A edi\u00e7\u00e3o de 2025 ser\u00e1 marcada por uma s\u00e9rie de atividades comemorativas e de reconhecimento de boas pr\u00e1ticas em seguran\u00e7a alimentar e agricultura sustent\u00e1vel.<\/strong>\u00a0<\/p>\n<p>\u201cComo parte da iniciativa, a Alian\u00e7a Global contra a Fome e a Pobreza est\u00e1 apoiando ativamente o desenvolvimento de nove planos nacionais voltados para acelerar a a\u00e7\u00e3o contra a fome, a pobreza e os riscos clim\u00e1ticos\u201d, disse o Itamaraty.<\/p>\n","protected":false},"excerpt":{"rendered":"<p>O presidente Luiz In\u00e1cio Lula da Silva embarca no final da tarde deste s\u00e1bado (11), na Base A\u00e9rea de Bras\u00edlia, para a It\u00e1lia. O presidente participa da abertura do F\u00f3rum Mundial da Alimenta\u00e7\u00e3o, na segunda-feira (13), em Roma, evento promovido pela Organiza\u00e7\u00e3o das Na\u00e7\u00f5es Unidas para Alimenta\u00e7\u00e3o e Agricultura (FAO). Na sequ\u00eancia, participa da reuni\u00e3o [&hellip;]<\/p>\n","protected":false},"author":1,"featured_media":1203,"comment_status":"open","ping_status":"open","sticky":false,"template":"","format":"standard","meta":{"footnotes":""},"categories":[22],"tags":[],"class_list":["post-1202","post","type-post","status-publish","format-standard","has-post-thumbnail","hentry","category-internacional"],"_links":{"self":[{"href":"https:\/\/newsabsoluto.com.br\/index.php?rest_route=\/wp\/v2\/posts\/1202","targetHints":{"allow":["GET"]}}],"collection":[{"href":"https:\/\/newsabsoluto.com.br\/index.php?rest_route=\/wp\/v2\/posts"}],"about":[{"href":"https:\/\/newsabsoluto.com.br\/index.php?rest_route=\/wp\/v2\/types\/post"}],"author":[{"embeddable":true,"href":"https:\/\/newsabsoluto.com.br\/index.php?rest_route=\/wp\/v2\/users\/1"}],"replies":[{"embeddable":true,"href":"https:\/\/newsabsoluto.com.br\/index.php?rest_route=%2Fwp%2Fv2%2Fcomments&post=1202"}],"version-history":[{"count":0,"href":"https:\/\/newsabsoluto.com.br\/index.php?rest_route=\/wp\/v2\/posts\/1202\/revisions"}],"wp:featuredmedia":[{"embeddable":true,"href":"https:\/\/newsabsoluto.com.br\/index.php?rest_route=\/wp\/v2\/media\/1203"}],"wp:attachment":[{"href":"https:\/\/newsabsoluto.com.br\/index.php?rest_route=%2Fwp%2Fv2%2Fmedia&parent=1202"}],"wp:term":[{"taxonomy":"category","embeddable":true,"href":"https:\/\/newsabsoluto.com.br\/index.php?rest_route=%2Fwp%2Fv2%2Fcategories&post=1202"},{"taxonomy":"post_tag","embeddable":true,"href":"https:\/\/newsabsoluto.com.br\/index.php?rest_route=%2Fwp%2Fv2%2Ftags&post=1202"}],"curies":[{"name":"wp","href":"https:\/\/api.w.org\/{rel}","templated":true}]}}