{"id":1200,"date":"2025-10-11T18:38:00","date_gmt":"2025-10-11T18:38:00","guid":{"rendered":"https:\/\/newsabsoluto.com.br\/?p=1200"},"modified":"2025-10-11T18:38:00","modified_gmt":"2025-10-11T18:38:00","slug":"lula-visitara-papa-leao-xiv-durante-visita-a-roma","status":"publish","type":"post","link":"https:\/\/newsabsoluto.com.br\/?p=1200","title":{"rendered":"Lula visitar\u00e1 Papa Le\u00e3o XIV durante visita a Roma"},"content":{"rendered":"<p style=\"text-align:center\"><a class=\"\" href=\"https:\/\/agenciabrasil.ebc.com.br\/internacional\/noticia\/2025-10\/lula-visitara-papa-leao-xiv-durante-visita-roma\"> <img decoding=\"async\" src=\"https:\/\/cdn.jsdelivr.net\/gh\/sergiosdlima\/assets-ebc@1.0.0\/abr\/assets\/images\/logo-agenciabrasil.svg\" alt=\"Logo Ag\u00eancia Brasil\" style=\"height: 54px\"> <\/a><\/p>\n<p><strong>O presidente Luiz In\u00e1cio Lula da Silva ser\u00e1 recebido pelo Papa Le\u00e3o XIV, no Vaticano, na pr\u00f3xima segunda-feira (13).\u00a0<\/strong>A informa\u00e7\u00e3o \u00e9 da Sala de Imprensa da Santa S\u00e9.<img decoding=\"async\" src=\"https:\/\/agenciabrasil.ebc.com.br\/ebc.png?id=1662369&amp;o=rss\" style=\"width:1px;height:1px\"><img decoding=\"async\" src=\"https:\/\/agenciabrasil.ebc.com.br\/ebc.gif?id=1662369&amp;o=rss\" style=\"width:1px;height:1px\"> <\/p>\n<p>A reuni\u00e3o entre Lula e o l\u00edder da Igreja Cat\u00f3lica ser\u00e1 a primeira desde que Le\u00e3o XIV <a href=\"https:\/\/agenciabrasil.ebc.com.br\/internacional\/noticia\/2025-05\/papa-leao-xiv-pede-paz-e-lembra-francisco-ajudem-construir-pontes\">foi eleito o novo papa<\/a>, em maio deste ano.\u00a0<\/p>\n<h3>Not\u00edcias relacionadas:<\/h3>\n<ul>\n<li><a href=\"https:\/\/agenciabrasil.ebc.com.br\/internacional\/noticia\/2025-10\/lula-viaja-para-roma-para-abertura-do-forum-mundial-da-alimentacao\">Lula viaja para Roma para abertura do F\u00f3rum Mundial da Alimenta\u00e7\u00e3o.<\/a><\/li>\n<li><a href=\"https:\/\/agenciabrasil.ebc.com.br\/internacional\/noticia\/2025-10\/lula-vai-roma-para-reuniao-de-alianca-global-contra-fome\">Lula vai a Roma para reuni\u00e3o de alian\u00e7a global contra a fome.<\/a><\/li>\n<\/ul>\n<p><strong><a href=\"https:\/\/agenciabrasil.ebc.com.br\/internacional\/noticia\/2025-10\/lula-vai-roma-para-reuniao-de-alianca-global-contra-fome\">Lula viaja neste s\u00e1bado<\/a> (11) para Roma para participar da Semana Mundial da Alimenta\u00e7\u00e3o da Organiza\u00e7\u00e3o das Na\u00e7\u00f5es Unidas para Alimenta\u00e7\u00e3o e Agricultura (FAO) e de uma s\u00e9rie de encontros relacionados \u00e0 Alian\u00e7a Global contra a Fome e a Pobreza. <\/strong>O retorno para o\u00a0Brasil ser\u00e1 ainda no dia 13. <\/p>\n<p>Lula tamb\u00e9m participar\u00e1 da reuni\u00e3o presencial do Conselho de Campe\u00f5es da Alian\u00e7a Global contra a Fome e a Pobreza , da cerim\u00f4nia de inaugura\u00e7\u00e3o da sede do secretariado da Alian\u00e7a, uma plataforma internacional destinada a coordenar programas sociais replic\u00e1veis em diferentes pa\u00edses.<\/p>\n","protected":false},"excerpt":{"rendered":"<p>O presidente Luiz In\u00e1cio Lula da Silva ser\u00e1 recebido pelo Papa Le\u00e3o XIV, no Vaticano, na pr\u00f3xima segunda-feira (13).\u00a0A informa\u00e7\u00e3o \u00e9 da Sala de Imprensa da Santa S\u00e9. A reuni\u00e3o entre Lula e o l\u00edder da Igreja Cat\u00f3lica ser\u00e1 a primeira desde que Le\u00e3o XIV foi eleito o novo papa, em maio deste ano.\u00a0 Not\u00edcias [&hellip;]<\/p>\n","protected":false},"author":1,"featured_media":1201,"comment_status":"open","ping_status":"open","sticky":false,"template":"","format":"standard","meta":{"footnotes":""},"categories":[22],"tags":[],"class_list":["post-1200","post","type-post","status-publish","format-standard","has-post-thumbnail","hentry","category-internacional"],"_links":{"self":[{"href":"https:\/\/newsabsoluto.com.br\/index.php?rest_route=\/wp\/v2\/posts\/1200","targetHints":{"allow":["GET"]}}],"collection":[{"href":"https:\/\/newsabsoluto.com.br\/index.php?rest_route=\/wp\/v2\/posts"}],"about":[{"href":"https:\/\/newsabsoluto.com.br\/index.php?rest_route=\/wp\/v2\/types\/post"}],"author":[{"embeddable":true,"href":"https:\/\/newsabsoluto.com.br\/index.php?rest_route=\/wp\/v2\/users\/1"}],"replies":[{"embeddable":true,"href":"https:\/\/newsabsoluto.com.br\/index.php?rest_route=%2Fwp%2Fv2%2Fcomments&post=1200"}],"version-history":[{"count":0,"href":"https:\/\/newsabsoluto.com.br\/index.php?rest_route=\/wp\/v2\/posts\/1200\/revisions"}],"wp:featuredmedia":[{"embeddable":true,"href":"https:\/\/newsabsoluto.com.br\/index.php?rest_route=\/wp\/v2\/media\/1201"}],"wp:attachment":[{"href":"https:\/\/newsabsoluto.com.br\/index.php?rest_route=%2Fwp%2Fv2%2Fmedia&parent=1200"}],"wp:term":[{"taxonomy":"category","embeddable":true,"href":"https:\/\/newsabsoluto.com.br\/index.php?rest_route=%2Fwp%2Fv2%2Fcategories&post=1200"},{"taxonomy":"post_tag","embeddable":true,"href":"https:\/\/newsabsoluto.com.br\/index.php?rest_route=%2Fwp%2Fv2%2Ftags&post=1200"}],"curies":[{"name":"wp","href":"https:\/\/api.w.org\/{rel}","templated":true}]}}