{"id":1196,"date":"2025-10-11T17:17:00","date_gmt":"2025-10-11T17:17:00","guid":{"rendered":"https:\/\/newsabsoluto.com.br\/?p=1196"},"modified":"2025-10-11T17:17:00","modified_gmt":"2025-10-11T17:17:00","slug":"forca-nacional-do-sus-reforca-atendimento-no-cirio-de-nazare","status":"publish","type":"post","link":"https:\/\/newsabsoluto.com.br\/?p=1196","title":{"rendered":"For\u00e7a Nacional do SUS refor\u00e7a atendimento no C\u00edrio de Nazar\u00e9"},"content":{"rendered":"<p style=\"text-align:center\"><a class=\"\" href=\"https:\/\/agenciabrasil.ebc.com.br\/geral\/noticia\/2025-10\/forca-nacional-do-sus-reforca-atendimento-no-cirio-de-nazare\"> <img decoding=\"async\" src=\"https:\/\/cdn.jsdelivr.net\/gh\/sergiosdlima\/assets-ebc@1.0.0\/abr\/assets\/images\/logo-agenciabrasil.svg\" alt=\"Logo Ag\u00eancia Brasil\" style=\"height: 54px\"> <\/a><\/p>\n<p>Para dar maior apoio na realiza\u00e7\u00e3o do C\u00edrio de Nossa Senhora de Nazar\u00e9, a For\u00e7a Nacional do Sistema \u00danico de Sa\u00fade (SUS) atuar\u00e1, neste fim de semana, em diversos pontos do trajeto das prociss\u00f5es, em Bel\u00e9m. <strong>A a\u00e7\u00e3o tem como objetivo apoiar as secretarias estadual e municipal de Sa\u00fade no atendimento \u00e0 popula\u00e7\u00e3o durante o maior evento religioso do estado, que re\u00fane milh\u00f5es de romeiros e visitantes.<\/strong><img decoding=\"async\" src=\"https:\/\/agenciabrasil.ebc.com.br\/ebc.png?id=1662357&amp;o=rss\" style=\"width:1px;height:1px\"><img decoding=\"async\" src=\"https:\/\/agenciabrasil.ebc.com.br\/ebc.gif?id=1662357&amp;o=rss\" style=\"width:1px;height:1px\"> <\/p>\n<p>Segundo o Minist\u00e9rio da Sa\u00fade, as equipes estar\u00e3o em postos estrat\u00e9gicos, equipados para atendimentos de urg\u00eancia e emerg\u00eancia, com estrutura semelhante \u00e0 de hospitais de campanha.\u00a0<\/p>\n<h3>Not\u00edcias relacionadas:<\/h3>\n<ul>\n<li><a href=\"https:\/\/agenciabrasil.ebc.com.br\/geral\/noticia\/2025-10\/romaria-fluvial-antecede-procissao-do-cirio-de-nazare-em-belem\">Romaria fluvial antecede prociss\u00e3o do C\u00edrio de Nazar\u00e9, em Bel\u00e9m.<\/a><\/li>\n<li><a href=\"https:\/\/agenciabrasil.ebc.com.br\/geral\/noticia\/2024-10\/fieis-lotam-ruas-de-belem-para-acompanhar-procissao-do-cirio\">Fi\u00e9is lotam ruas de Bel\u00e9m para acompanhar prociss\u00e3o do C\u00edrio\u00a0de Nazar\u00e9.<\/a><\/li>\n<li><a href=\"https:\/\/agenciabrasil.ebc.com.br\/geral\/noticia\/2024-10\/tv-brasil-acompanha-cirio-de-nazare-em-parceria-com-tv-cultura-do-para\">TV Brasil acompanha C\u00edrio de Nazar\u00e9 em parceria com TV Cultura do Par\u00e1.<\/a><\/li>\n<\/ul>\n<p><strong>Neste s\u00e1bado (11), o trabalho ocorre durante o C\u00edrio Fluvial, com as equipes localizadas na Escadinha; na Translada\u00e7\u00e3o, com a for\u00e7a situada na Alf\u00e2ndega e Casa das 11 Janelas<\/strong>. No domingo (12), o trabalho segue durante a prociss\u00e3o do C\u00edrio na Casa das 11 Janelas e no Centro Arquitet\u00f4nico de Nazar\u00e9. <\/p>\n<p>Considerado Patrim\u00f4nio Cultural da Humanidade pela Unesco, o C\u00edrio de Nazar\u00e9 \u00e9 uma festa que mostra a devo\u00e7\u00e3o do povo paraense. A previs\u00e3o \u00e9 de mais de 2 milh\u00f5es de pessoas na prociss\u00e3o deste domingo.\u00a0<\/p>\n<p><strong>Este ano, a maior prociss\u00e3o cat\u00f3lica do mundo celebra a sua 233\u00aa edi\u00e7\u00e3o \u00e0s v\u00e9speras da\u00a0 30\u00aa Confer\u00eancia da ONU sobre Mudan\u00e7as Clim\u00e1ticas (COP30).<\/strong>\u00a0<\/p>\n<p>A pasta informou ainda que a iniciativa tamb\u00e9m integra as a\u00e7\u00f5es de prepara\u00e7\u00e3o do Minist\u00e9rio da Sa\u00fade para a COP30, fortalecendo a capacidade de resposta do sistema p\u00fablico a grandes eventos.<\/p>\n","protected":false},"excerpt":{"rendered":"<p>Para dar maior apoio na realiza\u00e7\u00e3o do C\u00edrio de Nossa Senhora de Nazar\u00e9, a For\u00e7a Nacional do Sistema \u00danico de Sa\u00fade (SUS) atuar\u00e1, neste fim de semana, em diversos pontos do trajeto das prociss\u00f5es, em Bel\u00e9m. A a\u00e7\u00e3o tem como objetivo apoiar as secretarias estadual e municipal de Sa\u00fade no atendimento \u00e0 popula\u00e7\u00e3o durante o [&hellip;]<\/p>\n","protected":false},"author":1,"featured_media":1197,"comment_status":"open","ping_status":"open","sticky":false,"template":"","format":"standard","meta":{"footnotes":""},"categories":[7],"tags":[],"class_list":["post-1196","post","type-post","status-publish","format-standard","has-post-thumbnail","hentry","category-geral"],"_links":{"self":[{"href":"https:\/\/newsabsoluto.com.br\/index.php?rest_route=\/wp\/v2\/posts\/1196","targetHints":{"allow":["GET"]}}],"collection":[{"href":"https:\/\/newsabsoluto.com.br\/index.php?rest_route=\/wp\/v2\/posts"}],"about":[{"href":"https:\/\/newsabsoluto.com.br\/index.php?rest_route=\/wp\/v2\/types\/post"}],"author":[{"embeddable":true,"href":"https:\/\/newsabsoluto.com.br\/index.php?rest_route=\/wp\/v2\/users\/1"}],"replies":[{"embeddable":true,"href":"https:\/\/newsabsoluto.com.br\/index.php?rest_route=%2Fwp%2Fv2%2Fcomments&post=1196"}],"version-history":[{"count":0,"href":"https:\/\/newsabsoluto.com.br\/index.php?rest_route=\/wp\/v2\/posts\/1196\/revisions"}],"wp:featuredmedia":[{"embeddable":true,"href":"https:\/\/newsabsoluto.com.br\/index.php?rest_route=\/wp\/v2\/media\/1197"}],"wp:attachment":[{"href":"https:\/\/newsabsoluto.com.br\/index.php?rest_route=%2Fwp%2Fv2%2Fmedia&parent=1196"}],"wp:term":[{"taxonomy":"category","embeddable":true,"href":"https:\/\/newsabsoluto.com.br\/index.php?rest_route=%2Fwp%2Fv2%2Fcategories&post=1196"},{"taxonomy":"post_tag","embeddable":true,"href":"https:\/\/newsabsoluto.com.br\/index.php?rest_route=%2Fwp%2Fv2%2Ftags&post=1196"}],"curies":[{"name":"wp","href":"https:\/\/api.w.org\/{rel}","templated":true}]}}