{"id":1172,"date":"2025-10-10T13:42:00","date_gmt":"2025-10-10T13:42:00","guid":{"rendered":"https:\/\/newsabsoluto.com.br\/?p=1172"},"modified":"2025-10-10T13:42:00","modified_gmt":"2025-10-10T13:42:00","slug":"casa-branca-diz-que-comite-do-nobel-coloca-politica-acima-da-paz","status":"publish","type":"post","link":"https:\/\/newsabsoluto.com.br\/?p=1172","title":{"rendered":"Casa Branca diz que comit\u00ea do Nobel coloca &#8220;pol\u00edtica acima da paz&#8221;"},"content":{"rendered":"<p style=\"text-align:center\"><a class=\"\" href=\"https:\/\/agenciabrasil.ebc.com.br\/internacional\/noticia\/2025-10\/casa-branca-diz-que-comite-do-nobel-coloca-politica-acima-da-paz\"> <img decoding=\"async\" src=\"https:\/\/cdn.jsdelivr.net\/gh\/sergiosdlima\/assets-ebc@1.0.0\/abr\/assets\/images\/logo-agenciabrasil.svg\" alt=\"Logo Ag\u00eancia Brasil\" style=\"height: 54px\"> <\/a><\/p>\n<p>A Casa Branca criticou nesta sexta-feira (10) a decis\u00e3o do comit\u00ea do Pr\u00eamio Nobel de conceder o pr\u00eamio da paz a <a href=\"https:\/\/agenciabrasil.ebc.com.br\/internacional\/noticia\/2025-10\/premio-nobel-da-paz-e-concedido-opositora-venezuelana-corina-machado\" target=\"_blank\">uma l\u00edder da oposi\u00e7\u00e3o venezuelana<\/a> em vez do presidente dos EUA, Donald Trump.<img decoding=\"async\" src=\"https:\/\/agenciabrasil.ebc.com.br\/ebc.png?id=1662209&amp;o=rss\" style=\"width:1px;height:1px\"><img decoding=\"async\" src=\"https:\/\/agenciabrasil.ebc.com.br\/ebc.gif?id=1662209&amp;o=rss\" style=\"width:1px;height:1px\"> <\/p>\n<p>&#8220;O presidente Trump continuar\u00e1 fazendo acordos de paz, acabando com guerras e salvando vidas. Ele tem o cora\u00e7\u00e3o de um humanit\u00e1rio, e nunca haver\u00e1 ningu\u00e9m como ele, que pode mover montanhas com a for\u00e7a de sua vontade&#8221;, disse o porta-voz da Casa Branca Steven Cheung em um post no X.<\/p>\n<h3>Not\u00edcias relacionadas:<\/h3>\n<ul>\n<li><a href=\"https:\/\/agenciabrasil.ebc.com.br\/internacional\/noticia\/2025-10\/premio-nobel-da-paz-e-concedido-opositora-venezuelana-corina-machado\">Pr\u00eamio Nobel da Paz \u00e9 concedido \u00e0 venezuelana Maria Corina Machado.<\/a><\/li>\n<\/ul>\n<p>&#8220;O comit\u00ea do Nobel provou que eles colocam a pol\u00edtica acima da paz.&#8221; <\/p>\n<h2>Honraria<\/h2>\n<p>O Comit\u00ea Noruegu\u00eas do Nobel concedeu o pr\u00eamio anual \u00e0 venezuelana Mar\u00eda Corina Machado, citando os &#8220;corajosos defensores da liberdade que se levantam e resistem&#8221; \u00e0 lideran\u00e7a autorit\u00e1ria.<\/p>\n<p>Trump <a href=\"https:\/\/agenciabrasil.ebc.com.br\/internacional\/noticia\/2025-09\/trump-critica-onu-e-afirma-que-poderia-ganhar-nobel-da-paz\" target=\"_blank\">fez uma campanha agressiva<\/a> pelo pr\u00eamio e, nesta semana, anunciou um cessar-fogo e um acordo de ref\u00e9ns para acabar com a guerra em Gaza.<\/p>\n<p>O presidente republicano ainda n\u00e3o comentou a decis\u00e3o do Nobel, mas postou tr\u00eas v\u00eddeos em sua conta Truth Social na manh\u00e3 de sexta-feira, com apoiadores comemorando o acordo de Gaza.<\/p>\n<p><strong><em>\u00c9 proibida a reprodu\u00e7\u00e3o deste conte\u00fado<\/em><\/strong><\/p>\n","protected":false},"excerpt":{"rendered":"<p>A Casa Branca criticou nesta sexta-feira (10) a decis\u00e3o do comit\u00ea do Pr\u00eamio Nobel de conceder o pr\u00eamio da paz a uma l\u00edder da oposi\u00e7\u00e3o venezuelana em vez do presidente dos EUA, Donald Trump. &#8220;O presidente Trump continuar\u00e1 fazendo acordos de paz, acabando com guerras e salvando vidas. Ele tem o cora\u00e7\u00e3o de um humanit\u00e1rio, [&hellip;]<\/p>\n","protected":false},"author":1,"featured_media":1173,"comment_status":"open","ping_status":"open","sticky":false,"template":"","format":"standard","meta":{"footnotes":""},"categories":[22],"tags":[],"class_list":["post-1172","post","type-post","status-publish","format-standard","has-post-thumbnail","hentry","category-internacional"],"_links":{"self":[{"href":"https:\/\/newsabsoluto.com.br\/index.php?rest_route=\/wp\/v2\/posts\/1172","targetHints":{"allow":["GET"]}}],"collection":[{"href":"https:\/\/newsabsoluto.com.br\/index.php?rest_route=\/wp\/v2\/posts"}],"about":[{"href":"https:\/\/newsabsoluto.com.br\/index.php?rest_route=\/wp\/v2\/types\/post"}],"author":[{"embeddable":true,"href":"https:\/\/newsabsoluto.com.br\/index.php?rest_route=\/wp\/v2\/users\/1"}],"replies":[{"embeddable":true,"href":"https:\/\/newsabsoluto.com.br\/index.php?rest_route=%2Fwp%2Fv2%2Fcomments&post=1172"}],"version-history":[{"count":0,"href":"https:\/\/newsabsoluto.com.br\/index.php?rest_route=\/wp\/v2\/posts\/1172\/revisions"}],"wp:featuredmedia":[{"embeddable":true,"href":"https:\/\/newsabsoluto.com.br\/index.php?rest_route=\/wp\/v2\/media\/1173"}],"wp:attachment":[{"href":"https:\/\/newsabsoluto.com.br\/index.php?rest_route=%2Fwp%2Fv2%2Fmedia&parent=1172"}],"wp:term":[{"taxonomy":"category","embeddable":true,"href":"https:\/\/newsabsoluto.com.br\/index.php?rest_route=%2Fwp%2Fv2%2Fcategories&post=1172"},{"taxonomy":"post_tag","embeddable":true,"href":"https:\/\/newsabsoluto.com.br\/index.php?rest_route=%2Fwp%2Fv2%2Ftags&post=1172"}],"curies":[{"name":"wp","href":"https:\/\/api.w.org\/{rel}","templated":true}]}}