{"id":1160,"date":"2025-10-10T13:27:00","date_gmt":"2025-10-10T13:27:00","guid":{"rendered":"https:\/\/newsabsoluto.com.br\/?p=1160"},"modified":"2025-10-10T13:27:00","modified_gmt":"2025-10-10T13:27:00","slug":"novo-programa-dara-ate-r-30-mil-em-credito-para-reforma-de-casas","status":"publish","type":"post","link":"https:\/\/newsabsoluto.com.br\/?p=1160","title":{"rendered":"Novo programa dar\u00e1 at\u00e9 R$ 30 mil em cr\u00e9dito para reforma de casas"},"content":{"rendered":"<p style=\"text-align:center\"><a class=\"\" href=\"https:\/\/agenciabrasil.ebc.com.br\/politica\/noticia\/2025-10\/novo-programa-dara-ate-r-30-mil-em-credito-para-reforma-de-casas\"> <img decoding=\"async\" src=\"https:\/\/cdn.jsdelivr.net\/gh\/sergiosdlima\/assets-ebc@1.0.0\/abr\/assets\/images\/logo-agenciabrasil.svg\" alt=\"Logo Ag\u00eancia Brasil\" style=\"height: 54px\"> <\/a><\/p>\n<p><strong>O Minist\u00e9rio das Cidades anunciou uma nova linha de cr\u00e9dito voltada \u00e0 reforma de moradias em \u00e1reas urbanas para fam\u00edlias com renda bruta mensal de at\u00e9 R$ 9,6 mil.<\/strong> A iniciativa integra o Programa Minha Casa, Minha Vida e prev\u00ea financiamentos entre R$ 5 mil e R$ 30 mil.<img decoding=\"async\" src=\"https:\/\/agenciabrasil.ebc.com.br\/ebc.png?id=1662207&amp;o=rss\" style=\"width:1px;height:1px\"><img decoding=\"async\" src=\"https:\/\/agenciabrasil.ebc.com.br\/ebc.gif?id=1662207&amp;o=rss\" style=\"width:1px;height:1px\"> <\/p>\n<p>A Portaria n\u00ba 1.177\/2025 que regulamenta a medida foi publicada em edi\u00e7\u00e3o extra do <em><a href=\"https:\/\/www.in.gov.br\/en\/web\/dou\/-\/portaria-mcid-n-1.177-de-8-de-outubro-de-2025-661500532\" target=\"_blank\">Di\u00e1rio Oficial da Uni\u00e3o<\/a><\/em>\u00a0desta quinta-feira (9).\u00a0<\/p>\n<h3>Not\u00edcias relacionadas:<\/h3>\n<ul>\n<li><a href=\"https:\/\/agenciabrasil.ebc.com.br\/economia\/noticia\/2016-11\/governo-lanca-programa-para-estimular-reforma-de-casas-e-geracao-de\">Governo lan\u00e7a programa para estimular reforma de casas e gera\u00e7\u00e3o de empregos.<\/a><\/li>\n<li><a href=\"https:\/\/agenciabrasil.ebc.com.br\/economia\/noticia\/2025-06\/caixa-lanca-linha-de-credito-para-construtoras-de-habitacao-popular\">Caixa lan\u00e7a linha de cr\u00e9dito para construtoras de habita\u00e7\u00e3o popular.<\/a><\/li>\n<li><a href=\"https:\/\/agenciabrasil.ebc.com.br\/geral\/noticia\/2025-05\/ministerio-anuncia-130-mil-novas-unidades-do-minha-casa-minha-vida\">Minist\u00e9rio anuncia 130 mil novas unidades do Minha Casa, Minha Vida.<\/a><\/li>\n<\/ul>\n<p><a href=\"https:\/\/agenciabrasil.ebc.com.br\/geral\/noticia\/2023-11\/estudo-mostra-que-46-das-casas-no-brasil-tem-problemas-de-saneamento\" target=\"_blank\">Em diversas ocasi\u00f5es, o presidente Luiz In\u00e1cio Lula da Silva manifestou a vontade de colocar o programa de p\u00e9, lembrando que 1,3 milh\u00e3o de moradias no pa\u00eds n\u00e3o possuem banheiro<\/a>. <\/p>\n<blockquote>\n<p>\u201cO cidad\u00e3o que quiser reformar a sua casa, fazer uma garagem, um quarto, um banheiro, esse cidad\u00e3o tem direito de ir ao banco e pegar um cr\u00e9dito com o juro mais barato poss\u00edvel. Porque o governo sozinho, nem o prefeito, nem o estadual, d\u00e1 conta de fazer as casas\u201d, <a href=\"https:\/\/agenciabrasil.ebc.com.br\/geral\/noticia\/2025-02\/evento-em-brasilia-fortalece-dialogo-entre-prefeitos-e-governo-federal\" target=\"_blank\">disse o presidente, em maio, durante evento com prefeitos em Bras\u00edlia.<\/a><\/p>\n<\/blockquote>\n<p><a href=\"https:\/\/agenciabrasil.ebc.com.br\/politica\/noticia\/2025-05\/lula-anuncia-credito-para-reformas-e-acesso-medicos-especialistas\" target=\"_blank\">Nesta sexta-feira (10), Lula tamb\u00e9m anuncia o novo modelo de cr\u00e9dito imobili\u00e1rio<\/a>, que reestrutura uso da poupan\u00e7a para alavancar o cr\u00e9dito habitacional, especialmente para a classe m\u00e9dia.<\/p>\n<p><a href=\"https:\/\/www.whatsapp.com\/channel\/0029VaoRTgrInlqYLSk59B2M\" target=\"_blank\">&gt;&gt; Siga o canal da <strong>Ag\u00eancia Brasil <\/strong>no WhatsApp<\/a><\/p>\n<h2>Regras para reformas\u00a0<\/h2>\n<p><strong>A linha de cr\u00e9dito tem o objetivo de promover o direito \u00e0 moradia adequada e enfrentar e combater a inadequa\u00e7\u00e3o de domic\u00edlios no Brasil. <\/strong>As interven\u00e7\u00f5es de melhoria habitacional dever\u00e3o ser destinadas \u00e0 solu\u00e7\u00e3o de problemas de salubridade, seguran\u00e7a, habitabilidade, acessibilidade, sustentabilidade e conforto.<\/p>\n<p><strong>A medida prev\u00ea juros reduzidos e prazos de pagamento de 24 a 60 meses.<\/strong><\/p>\n<p>O programa est\u00e1 dividido em duas faixas:<\/p>\n<p>&#8211; Faixa Melhoria 1, para rendas de at\u00e9 R$ 3,2 mil, com juros nominais de 1,17% ao m\u00eas;<\/p>\n<p>&#8211; Faixa Melhoria 2, para rendas entre R$ 3.200,01 e R$ 9,6 mil, com taxa de 1,95% ao m\u00eas.<\/p>\n<p><strong>O valor da presta\u00e7\u00e3o ser\u00e1 limitado a 25% da renda familiar, e cada benefici\u00e1rio s\u00f3 poder\u00e1 contratar um financiamento por vez.<\/strong><\/p>\n<p><strong>O programa \u00e9 destinado a residentes em \u00e1reas urbanas, em capitais, munic\u00edpios com mais de 300 mil habitantes ou em arranjos populacionais acima desse n\u00famero.<\/strong> A destina\u00e7\u00e3o do im\u00f3vel deve ser para uso residencial, admitindo-se im\u00f3veis de uso misto.<\/p>\n<p><strong>Os recursos poder\u00e3o ser utilizados para materiais de constru\u00e7\u00e3o, m\u00e3o de obra, elabora\u00e7\u00e3o de projetos t\u00e9cnicos e servi\u00e7os de orienta\u00e7\u00e3o e acompanhamento das obras.<\/strong> Os benefici\u00e1rios dever\u00e3o comprovar a execu\u00e7\u00e3o das interven\u00e7\u00f5es.<\/p>\n<p>O cr\u00e9dito ser\u00e1 operacionalizado pela Caixa Econ\u00f4mica Federal, com garantia parcial do Fundo Garantidor da Habita\u00e7\u00e3o Popular (FGHab) para opera\u00e7\u00f5es da Faixa 1. Estados e munic\u00edpios poder\u00e3o aportar contrapartidas financeiras para ampliar o alcance da iniciativa do governo federal.<\/p>\n<p>\u00a0<\/p>\n","protected":false},"excerpt":{"rendered":"<p>O Minist\u00e9rio das Cidades anunciou uma nova linha de cr\u00e9dito voltada \u00e0 reforma de moradias em \u00e1reas urbanas para fam\u00edlias com renda bruta mensal de at\u00e9 R$ 9,6 mil. A iniciativa integra o Programa Minha Casa, Minha Vida e prev\u00ea financiamentos entre R$ 5 mil e R$ 30 mil. A Portaria n\u00ba 1.177\/2025 que regulamenta [&hellip;]<\/p>\n","protected":false},"author":1,"featured_media":1161,"comment_status":"open","ping_status":"open","sticky":false,"template":"","format":"standard","meta":{"footnotes":""},"categories":[12],"tags":[],"class_list":["post-1160","post","type-post","status-publish","format-standard","has-post-thumbnail","hentry","category-politica"],"_links":{"self":[{"href":"https:\/\/newsabsoluto.com.br\/index.php?rest_route=\/wp\/v2\/posts\/1160","targetHints":{"allow":["GET"]}}],"collection":[{"href":"https:\/\/newsabsoluto.com.br\/index.php?rest_route=\/wp\/v2\/posts"}],"about":[{"href":"https:\/\/newsabsoluto.com.br\/index.php?rest_route=\/wp\/v2\/types\/post"}],"author":[{"embeddable":true,"href":"https:\/\/newsabsoluto.com.br\/index.php?rest_route=\/wp\/v2\/users\/1"}],"replies":[{"embeddable":true,"href":"https:\/\/newsabsoluto.com.br\/index.php?rest_route=%2Fwp%2Fv2%2Fcomments&post=1160"}],"version-history":[{"count":0,"href":"https:\/\/newsabsoluto.com.br\/index.php?rest_route=\/wp\/v2\/posts\/1160\/revisions"}],"wp:featuredmedia":[{"embeddable":true,"href":"https:\/\/newsabsoluto.com.br\/index.php?rest_route=\/wp\/v2\/media\/1161"}],"wp:attachment":[{"href":"https:\/\/newsabsoluto.com.br\/index.php?rest_route=%2Fwp%2Fv2%2Fmedia&parent=1160"}],"wp:term":[{"taxonomy":"category","embeddable":true,"href":"https:\/\/newsabsoluto.com.br\/index.php?rest_route=%2Fwp%2Fv2%2Fcategories&post=1160"},{"taxonomy":"post_tag","embeddable":true,"href":"https:\/\/newsabsoluto.com.br\/index.php?rest_route=%2Fwp%2Fv2%2Ftags&post=1160"}],"curies":[{"name":"wp","href":"https:\/\/api.w.org\/{rel}","templated":true}]}}