{"id":1144,"date":"2025-10-09T20:53:00","date_gmt":"2025-10-09T20:53:00","guid":{"rendered":"https:\/\/newsabsoluto.com.br\/?p=1144"},"modified":"2025-10-09T20:53:00","modified_gmt":"2025-10-09T20:53:00","slug":"brasil-comemora-acordo-para-fim-do-conflito-na-faixa-de-gaza","status":"publish","type":"post","link":"https:\/\/newsabsoluto.com.br\/?p=1144","title":{"rendered":"Brasil comemora acordo para fim do conflito na Faixa de Gaza"},"content":{"rendered":"<p style=\"text-align:center\"><a class=\"\" href=\"https:\/\/agenciabrasil.ebc.com.br\/internacional\/noticia\/2025-10\/brasil-comemora-acordo-para-fim-do-conflito-na-faixa-de-gaza\"> <img decoding=\"async\" src=\"https:\/\/cdn.jsdelivr.net\/gh\/sergiosdlima\/assets-ebc@1.0.0\/abr\/assets\/images\/logo-agenciabrasil.svg\" alt=\"Logo Ag\u00eancia Brasil\" style=\"height: 54px\"> <\/a><\/p>\n<p><strong>O governo brasileiro comemorou nesta quinta-feira (9) o an\u00fancio do acordo entre Israel e o Hamas para novo cessar-fogo na Faixa de Gaza, no Estado da Palestina.<\/strong> Em nota divulgada pelo Minist\u00e9rio das Rela\u00e7\u00f5es Exteriores, o governo brasileiro tamb\u00e9m ressalta a dimens\u00e3o humanit\u00e1ria do acordo e incentiva as partes a cumprirem todos os termos do tratado.\u00a0<img decoding=\"async\" src=\"https:\/\/agenciabrasil.ebc.com.br\/ebc.png?id=1662134&amp;o=rss\" style=\"width:1px;height:1px\"><img decoding=\"async\" src=\"https:\/\/agenciabrasil.ebc.com.br\/ebc.gif?id=1662134&amp;o=rss\" style=\"width:1px;height:1px\"> <\/p>\n<p>Mais cedo, o <a href=\"https:\/\/agenciabrasil.ebc.com.br\/internacional\/noticia\/2025-10\/lider-do-hamas-diz-que-guerra-em-gaza-acabou\">Hamas confirmou o fim da guerra<\/a>, marcando o in\u00edcio de um cessar-fogo permanente. <strong>O governo brasileiro reconheceu o importante papel desempenhado pelos Estados Unidos e valoriza a atua\u00e7\u00e3o dos demais pa\u00edses mediadores: Catar, Egito e Turquia.\u00a0<\/strong><\/p>\n<blockquote>\n<h3>Not\u00edcias relacionadas:<\/h3>\n<ul>\n<li><a href=\"https:\/\/agenciabrasil.ebc.com.br\/internacional\/noticia\/2025-10\/lider-do-hamas-diz-que-guerra-em-gaza-acabou\">L\u00edder do Hamas diz que guerra em Gaza acabou .<\/a><\/li>\n<li><a href=\"https:\/\/agenciabrasil.ebc.com.br\/internacional\/noticia\/2025-10\/guerra-na-faixa-de-gaza-completa-dois-anos-com-mais-de-67-mil-mortos\">Guerra na Faixa de Gaza completa dois anos com mais de 67 mil mortos.<\/a><\/li>\n<li><a href=\"https:\/\/agenciabrasil.ebc.com.br\/internacional\/noticia\/2025-10\/israel-e-gaza-celebram-apos-anuncio-de-cessar-fogo\">Israel e Gaza celebram ap\u00f3s an\u00fancio de cessar-fogo.<\/a><\/li>\n<\/ul>\n<p>\u201cO Brasil exorta as partes a cumprirem todos os termos do acordo e a engajarem-se de boa-f\u00e9 em negocia\u00e7\u00f5es para assegurar a efetiva\u00e7\u00e3o da retirada completa das for\u00e7as israelenses de Gaza, o in\u00edcio do urgente processo de reconstru\u00e7\u00e3o da Faixa, sob coordena\u00e7\u00e3o e supervis\u00e3o palestina, e a restaura\u00e7\u00e3o da unidade pol\u00edtico-geogr\u00e1fica da Palestina sob seu leg\u00edtimo governo, em conson\u00e2ncia com o direito inalien\u00e1vel de autodetermina\u00e7\u00e3o do povo palestino\u201d, diz o comunicado do MRE.\u00a0 <\/p><\/blockquote>\n<p><strong>Segundo o Itamaraty, o acordo, se for efetivamente implementado, dever\u00e1 interromper os ataques israelenses contra Gaza, que provocaram mais de 67 mil mortes, al\u00e9m do deslocamento for\u00e7ado de quase dois milh\u00f5es de moradores e devasta\u00e7\u00e3o sem precedentes.\u00a0<\/strong><\/p>\n<blockquote>\n<p>\u201cDever\u00e1, ademais, garantir a liberta\u00e7\u00e3o de todos os ref\u00e9ns remanescentes, em troca de prisioneiros palestinos, a entrada desimpedida de ajuda humanit\u00e1ria, e a retirada das tropas israelenses at\u00e9 linha acordada entre as partes, al\u00e9m de criar as condi\u00e7\u00f5es para a imediata reconstru\u00e7\u00e3o de Gaza, com apoio da comunidade internacional\u201d, diz o Itamaraty.<\/p>\n<\/blockquote>\n<p>O Itamaraty disse que o cessar-fogo dever\u00e1 resultar em al\u00edvio efetivo para a popula\u00e7\u00e3o civil e\u00a0 reiterou a necessidade de \u201cassegurar acesso pleno, imediato, seguro e desimpedido da assist\u00eancia humanit\u00e1ria e das equipes das Na\u00e7\u00f5es Unidas que atuam no terreno\u201d.<br \/> Segundo o MRE, uma paz justa, est\u00e1vel e duradoura no Oriente M\u00e9dio passa pela implementa\u00e7\u00e3o da solu\u00e7\u00e3o de dois Estados. &#8220;Com um Estado da Palestina independente e vi\u00e1vel, vivendo lado a lado com Israel, em paz e seguran\u00e7a, dentro das fronteiras de 1967, incluindo a Faixa de Gaza e a Cisjord\u00e2nia, tendo Jerusal\u00e9m Oriental como sua capital&#8221;, diz a nota do governo.\u00a0<\/p>\n","protected":false},"excerpt":{"rendered":"<p>O governo brasileiro comemorou nesta quinta-feira (9) o an\u00fancio do acordo entre Israel e o Hamas para novo cessar-fogo na Faixa de Gaza, no Estado da Palestina. Em nota divulgada pelo Minist\u00e9rio das Rela\u00e7\u00f5es Exteriores, o governo brasileiro tamb\u00e9m ressalta a dimens\u00e3o humanit\u00e1ria do acordo e incentiva as partes a cumprirem todos os termos do [&hellip;]<\/p>\n","protected":false},"author":1,"featured_media":1145,"comment_status":"open","ping_status":"open","sticky":false,"template":"","format":"standard","meta":{"footnotes":""},"categories":[22],"tags":[],"class_list":["post-1144","post","type-post","status-publish","format-standard","has-post-thumbnail","hentry","category-internacional"],"_links":{"self":[{"href":"https:\/\/newsabsoluto.com.br\/index.php?rest_route=\/wp\/v2\/posts\/1144","targetHints":{"allow":["GET"]}}],"collection":[{"href":"https:\/\/newsabsoluto.com.br\/index.php?rest_route=\/wp\/v2\/posts"}],"about":[{"href":"https:\/\/newsabsoluto.com.br\/index.php?rest_route=\/wp\/v2\/types\/post"}],"author":[{"embeddable":true,"href":"https:\/\/newsabsoluto.com.br\/index.php?rest_route=\/wp\/v2\/users\/1"}],"replies":[{"embeddable":true,"href":"https:\/\/newsabsoluto.com.br\/index.php?rest_route=%2Fwp%2Fv2%2Fcomments&post=1144"}],"version-history":[{"count":0,"href":"https:\/\/newsabsoluto.com.br\/index.php?rest_route=\/wp\/v2\/posts\/1144\/revisions"}],"wp:featuredmedia":[{"embeddable":true,"href":"https:\/\/newsabsoluto.com.br\/index.php?rest_route=\/wp\/v2\/media\/1145"}],"wp:attachment":[{"href":"https:\/\/newsabsoluto.com.br\/index.php?rest_route=%2Fwp%2Fv2%2Fmedia&parent=1144"}],"wp:term":[{"taxonomy":"category","embeddable":true,"href":"https:\/\/newsabsoluto.com.br\/index.php?rest_route=%2Fwp%2Fv2%2Fcategories&post=1144"},{"taxonomy":"post_tag","embeddable":true,"href":"https:\/\/newsabsoluto.com.br\/index.php?rest_route=%2Fwp%2Fv2%2Ftags&post=1144"}],"curies":[{"name":"wp","href":"https:\/\/api.w.org\/{rel}","templated":true}]}}