{"id":1108,"date":"2025-10-08T22:43:00","date_gmt":"2025-10-08T22:43:00","guid":{"rendered":"https:\/\/newsabsoluto.com.br\/?p=1108"},"modified":"2025-10-08T22:43:00","modified_gmt":"2025-10-08T22:43:00","slug":"ccj-do-senado-aprova-pena-maior-para-exploracao-sexual-de-criancas","status":"publish","type":"post","link":"https:\/\/newsabsoluto.com.br\/?p=1108","title":{"rendered":"CCJ do Senado aprova pena maior para explora\u00e7\u00e3o sexual de crian\u00e7as"},"content":{"rendered":"<p style=\"text-align:center\"><a class=\"\" href=\"https:\/\/agenciabrasil.ebc.com.br\/politica\/noticia\/2025-10\/ccj-do-senado-aprova-pena-maior-para-exploracao-sexual-de-criancas\"> <img decoding=\"async\" src=\"https:\/\/cdn.jsdelivr.net\/gh\/sergiosdlima\/assets-ebc@1.0.0\/abr\/assets\/images\/logo-agenciabrasil.svg\" alt=\"Logo Ag\u00eancia Brasil\" style=\"height: 54px\"> <\/a><\/p>\n<p>A Comiss\u00e3o de Constitui\u00e7\u00e3o e Justi\u00e7a do Senado (CCJ) aprovou nesta quarta-feira\u00a0(8) em car\u00e1ter terminativo o <a href=\"https:\/\/www25.senado.leg.br\/web\/atividade\/materias\/-\/materia\/162184\" target=\"_blank\">Projeto de Lei (PL) 425\/2024<\/a>, que<strong> endurece a pena para a pr\u00e1tica de crime de explora\u00e7\u00e3o sexual de crian\u00e7as e adolescentes<\/strong>. Caso n\u00e3o haja recurso para vota\u00e7\u00e3o em plen\u00e1rio, <strong>a proposta segue para an\u00e1lise da C\u00e2mara dos Deputados<\/strong>.<img decoding=\"async\" src=\"https:\/\/agenciabrasil.ebc.com.br\/ebc.png?id=1661956&amp;o=rss\" style=\"width:1px;height:1px\"><img decoding=\"async\" src=\"https:\/\/agenciabrasil.ebc.com.br\/ebc.gif?id=1661956&amp;o=rss\" style=\"width:1px;height:1px\"> <\/p>\n<p>Antes, a mat\u00e9ria\u00a0havia sido aprovada na Comiss\u00e3o de Direitos Humanos (CDH). O projeto altera o C\u00f3digo Penal. Atualmente, <strong>a pena para o crime \u00e9 de\u00a0quatro\u00a0a dez\u00a0anos de reclus\u00e3o. O\u00a0projeto eleva\u00a0a puni\u00e7\u00e3o\u00a0para seis a 12 anos de reclus\u00e3o<\/strong>.<\/p>\n<h3>Not\u00edcias relacionadas:<\/h3>\n<ul>\n<li><a href=\"https:\/\/agenciabrasil.ebc.com.br\/geral\/noticia\/2025-10\/operacao-contra-abuso-de-crianca-e-adolescente-prende-55-pessoas\">Opera\u00e7\u00e3o contra abuso de crian\u00e7a e adolescente prende 55 pessoas.<\/a><\/li>\n<li><a href=\"https:\/\/agenciabrasil.ebc.com.br\/geral\/noticia\/2025-10\/pf-faz-limpeza-diz-lula-sobre-acao-contra-abuso-sexual-de-criancas\">PF faz &#8220;limpeza&#8221;, diz Lula sobre a\u00e7\u00e3o contra abuso sexual de crian\u00e7as.<\/a><\/li>\n<li><a href=\"https:\/\/agenciabrasil.ebc.com.br\/geral\/noticia\/2025-10\/pf-deflagra-acao-em-todo-o-pais-contra-abuso-sexual-de-criancas\">PF deflagra a\u00e7\u00e3o em todo o pa\u00eds contra abuso sexual de crian\u00e7as.<\/a><\/li>\n<\/ul>\n<p>A relatora do projeto, senadora Eliziane Gama (PSD-MA), argumentou que o projeto corrige distor\u00e7\u00f5es na aplica\u00e7\u00e3o pr\u00e1tica da pena, uma vez que o atual patamar sancionat\u00f3rio ainda admite, em hip\u00f3teses de gravidade inequ\u00edvoca, a fixa\u00e7\u00e3o de regime inicial aberto e a substitui\u00e7\u00e3o da pena privativa de liberdade por restritivas de direitos. <\/p>\n<p>\u201cCom a majora\u00e7\u00e3o, o tipo penal passa a refletir de forma mais condizente a gravidade da conduta, assegurando maior efetividade \u00e0 tutela da dignidade sexual de pessoas em condi\u00e7\u00e3o de hipervulnerabilidade\u201d, afirmou.<\/p>\n<p>Eliziane apontou ainda que o aumento da pena tamb\u00e9m tem car\u00e1ter dissuas\u00f3rio.<\/p>\n<p>&#8220;A explora\u00e7\u00e3o sexual de menores e vulner\u00e1veis, muitas vezes praticada de modo sistem\u00e1tico e com fins lucrativos, constitui uma das mais graves viola\u00e7\u00f5es de direitos humanos e exige uma reprimenda compat\u00edvel com sua nocividade social&#8221;, disse.<\/p>\n<p>&#8220;A majora\u00e7\u00e3o da pena contribui para reduzir incentivos \u00e0 pr\u00e1tica, conferir maior efetividade \u00e0 persecu\u00e7\u00e3o penal e harmonizar o ordenamento interno aos compromissos internacionais assumidos pelo Brasil, como a Conven\u00e7\u00e3o sobre os Direitos da Crian\u00e7a e o Protocolo Facultativo relativo \u00e0 venda de crian\u00e7as, prostitui\u00e7\u00e3o infantil e pornografia infantil\u201d, defendeu.<\/p>\n","protected":false},"excerpt":{"rendered":"<p>A Comiss\u00e3o de Constitui\u00e7\u00e3o e Justi\u00e7a do Senado (CCJ) aprovou nesta quarta-feira\u00a0(8) em car\u00e1ter terminativo o Projeto de Lei (PL) 425\/2024, que endurece a pena para a pr\u00e1tica de crime de explora\u00e7\u00e3o sexual de crian\u00e7as e adolescentes. Caso n\u00e3o haja recurso para vota\u00e7\u00e3o em plen\u00e1rio, a proposta segue para an\u00e1lise da C\u00e2mara dos Deputados. Antes, [&hellip;]<\/p>\n","protected":false},"author":1,"featured_media":1109,"comment_status":"open","ping_status":"open","sticky":false,"template":"","format":"standard","meta":{"footnotes":""},"categories":[12],"tags":[],"class_list":["post-1108","post","type-post","status-publish","format-standard","has-post-thumbnail","hentry","category-politica"],"_links":{"self":[{"href":"https:\/\/newsabsoluto.com.br\/index.php?rest_route=\/wp\/v2\/posts\/1108","targetHints":{"allow":["GET"]}}],"collection":[{"href":"https:\/\/newsabsoluto.com.br\/index.php?rest_route=\/wp\/v2\/posts"}],"about":[{"href":"https:\/\/newsabsoluto.com.br\/index.php?rest_route=\/wp\/v2\/types\/post"}],"author":[{"embeddable":true,"href":"https:\/\/newsabsoluto.com.br\/index.php?rest_route=\/wp\/v2\/users\/1"}],"replies":[{"embeddable":true,"href":"https:\/\/newsabsoluto.com.br\/index.php?rest_route=%2Fwp%2Fv2%2Fcomments&post=1108"}],"version-history":[{"count":0,"href":"https:\/\/newsabsoluto.com.br\/index.php?rest_route=\/wp\/v2\/posts\/1108\/revisions"}],"wp:featuredmedia":[{"embeddable":true,"href":"https:\/\/newsabsoluto.com.br\/index.php?rest_route=\/wp\/v2\/media\/1109"}],"wp:attachment":[{"href":"https:\/\/newsabsoluto.com.br\/index.php?rest_route=%2Fwp%2Fv2%2Fmedia&parent=1108"}],"wp:term":[{"taxonomy":"category","embeddable":true,"href":"https:\/\/newsabsoluto.com.br\/index.php?rest_route=%2Fwp%2Fv2%2Fcategories&post=1108"},{"taxonomy":"post_tag","embeddable":true,"href":"https:\/\/newsabsoluto.com.br\/index.php?rest_route=%2Fwp%2Fv2%2Ftags&post=1108"}],"curies":[{"name":"wp","href":"https:\/\/api.w.org\/{rel}","templated":true}]}}