{"id":1100,"date":"2025-10-08T02:00:00","date_gmt":"2025-10-08T02:00:00","guid":{"rendered":"https:\/\/newsabsoluto.com.br\/?p=1100"},"modified":"2025-10-08T02:00:00","modified_gmt":"2025-10-08T02:00:00","slug":"musical-sobre-tim-maia-e-monologo-com-vera-holtz-chegam-aos-teatros-de-sp","status":"publish","type":"post","link":"https:\/\/newsabsoluto.com.br\/?p=1100","title":{"rendered":"Musical sobre Tim Maia e mon\u00f3logo com Vera Holtz chegam aos teatros de SP"},"content":{"rendered":"<p>Os <a href=\"https:\/\/guia.folha.uol.com.br\/teatro\/\" rel=\"nofollow\" target=\"\">palcos de S\u00e3o Paulo<\/a> ser\u00e3o ocupados pelos hits de <a href=\"https:\/\/www1.folha.uol.com.br\/colunas\/monicabergamo\/2025\/05\/musical-sobre-tim-maia-voltara-aos-palcos-de-sao-paulo-com-nova-montagem.shtml\" rel=\"nofollow\" target=\"\">Tim Maia<\/a>. O cantor ganha musical inspirado em sua vida e carreira, com Th\u00f3r Junior no papel-t\u00edtulo. Na agenda de reestreias, Vera Holtz chega para a terceira temporada de &#8220;<a href=\"https:\/\/guia.folha.uol.com.br\/teatro\/2024\/04\/vera-holtz-estreia-peca-inspirada-em-sapiens-na-capital-paulista-em-maio.shtml\">Fic\u00e7\u00f5es<\/a>&#8220;, mon\u00f3logo inspirado no best-seller &#8220;Sapiens&#8221;. (10\/07\/2025 &#8211; 23h00)<\/p>\n","protected":false},"excerpt":{"rendered":"<p>Os palcos de S\u00e3o Paulo ser\u00e3o ocupados pelos hits de Tim Maia. O cantor ganha musical inspirado em sua vida e carreira, com Th\u00f3r Junior no papel-t\u00edtulo. Na agenda de reestreias, Vera Holtz chega para a terceira temporada de &#8220;Fic\u00e7\u00f5es&#8220;, mon\u00f3logo inspirado no best-seller &#8220;Sapiens&#8221;. (10\/07\/2025 &#8211; 23h00)<\/p>\n","protected":false},"author":1,"featured_media":1101,"comment_status":"open","ping_status":"open","sticky":false,"template":"","format":"standard","meta":{"footnotes":""},"categories":[2],"tags":[],"class_list":["post-1100","post","type-post","status-publish","format-standard","has-post-thumbnail","hentry","category-news"],"_links":{"self":[{"href":"https:\/\/newsabsoluto.com.br\/index.php?rest_route=\/wp\/v2\/posts\/1100","targetHints":{"allow":["GET"]}}],"collection":[{"href":"https:\/\/newsabsoluto.com.br\/index.php?rest_route=\/wp\/v2\/posts"}],"about":[{"href":"https:\/\/newsabsoluto.com.br\/index.php?rest_route=\/wp\/v2\/types\/post"}],"author":[{"embeddable":true,"href":"https:\/\/newsabsoluto.com.br\/index.php?rest_route=\/wp\/v2\/users\/1"}],"replies":[{"embeddable":true,"href":"https:\/\/newsabsoluto.com.br\/index.php?rest_route=%2Fwp%2Fv2%2Fcomments&post=1100"}],"version-history":[{"count":0,"href":"https:\/\/newsabsoluto.com.br\/index.php?rest_route=\/wp\/v2\/posts\/1100\/revisions"}],"wp:featuredmedia":[{"embeddable":true,"href":"https:\/\/newsabsoluto.com.br\/index.php?rest_route=\/wp\/v2\/media\/1101"}],"wp:attachment":[{"href":"https:\/\/newsabsoluto.com.br\/index.php?rest_route=%2Fwp%2Fv2%2Fmedia&parent=1100"}],"wp:term":[{"taxonomy":"category","embeddable":true,"href":"https:\/\/newsabsoluto.com.br\/index.php?rest_route=%2Fwp%2Fv2%2Fcategories&post=1100"},{"taxonomy":"post_tag","embeddable":true,"href":"https:\/\/newsabsoluto.com.br\/index.php?rest_route=%2Fwp%2Fv2%2Ftags&post=1100"}],"curies":[{"name":"wp","href":"https:\/\/api.w.org\/{rel}","templated":true}]}}