{"id":1088,"date":"2025-10-07T11:39:00","date_gmt":"2025-10-07T11:39:00","guid":{"rendered":"https:\/\/newsabsoluto.com.br\/?p=1088"},"modified":"2025-10-07T11:39:00","modified_gmt":"2025-10-07T11:39:00","slug":"brasileiros-da-flotilha-global-sumud-sao-libertados-na-jordania","status":"publish","type":"post","link":"https:\/\/newsabsoluto.com.br\/?p=1088","title":{"rendered":"Brasileiros da Flotilha Global Sumud s\u00e3o libertados na Jord\u00e2nia"},"content":{"rendered":"<p style=\"text-align:center\"><a class=\"\" href=\"https:\/\/agenciabrasil.ebc.com.br\/internacional\/noticia\/2025-10\/brasileiros-da-flotilha-global-sumud-sao-libertados-na-jordania\"> <img decoding=\"async\" src=\"https:\/\/cdn.jsdelivr.net\/gh\/sergiosdlima\/assets-ebc@1.0.0\/abr\/assets\/images\/logo-agenciabrasil.svg\" alt=\"Logo Ag\u00eancia Brasil\" style=\"height: 54px\"> <\/a><\/p>\n<p><strong>O Minist\u00e9rio das Rela\u00e7\u00f5es Exteriores (MRE) confirmou na manh\u00e3 desta ter\u00e7a-feira (7), em Bras\u00edlia, que os 13 brasileiros (foto) que integravam a Flotilha <em>Global Sumud<\/em>, entre eles a deputada federal Luizianne Lins (PT-CE), foram conduzidos at\u00e9 a fronteira com a Jord\u00e2nia e est\u00e3o livres das autoridades israelenses. A libera\u00e7\u00e3o ocorre exatamente no dia em que completam dois anos do in\u00edcio da escalada de viol\u00eancia na guerra em Gaza.<\/strong><img decoding=\"async\" src=\"https:\/\/agenciabrasil.ebc.com.br\/ebc.png?id=1661642&amp;o=rss\" style=\"width:1px;height:1px\"><img decoding=\"async\" src=\"https:\/\/agenciabrasil.ebc.com.br\/ebc.gif?id=1661642&amp;o=rss\" style=\"width:1px;height:1px\"> <\/p>\n<p>\u201cDiplomatas das embaixadas em Tel Aviv e em Am\u00e3 receberam os ativistas que est\u00e3o, nesse momento, sendo transportados para a capital jordaniana em ve\u00edculo providenciado pela embaixada brasileira naquele pa\u00eds\u201d, informou &#8211; por meio de nota &#8211; o Itamaraty.<\/p>\n<h3>Not\u00edcias relacionadas:<\/h3>\n<ul>\n<li><a href=\"https:\/\/agenciabrasil.ebc.com.br\/internacional\/noticia\/2025-10\/lula-diz-que-israel-viola-leis-ao-interceptar-flotilha-com-brasileiros\">Lula diz que Israel viola leis ao interceptar flotilha com brasileiros.<\/a><\/li>\n<li><a href=\"https:\/\/agenciabrasil.ebc.com.br\/internacional\/noticia\/2025-10\/primeiro-integrante-solto-da-flotilha-global-sumud-denuncia-violencia\">Primeiro integrante solto da Flotilha Global Sumud denuncia viol\u00eancia.<\/a><\/li>\n<li><a href=\"https:\/\/agenciabrasil.ebc.com.br\/internacional\/noticia\/2025-10\/ato-pede-libertacao-de-ativistas-de-flotilha-e-medidas-duras-do-brasil\">Ato pede liberta\u00e7\u00e3o de ativistas de flotilha e medidas duras do Brasil.<\/a><\/li>\n<\/ul>\n<p>Al\u00e9m da deputada, integram o grupo Thiago \u00c1vila, Bruno Gilga, Lisiane Proen\u00e7a, Magno Costa, a vereadora Mariana Conti, Ariadne Telles, Mansur Peixoto, Gabriele Tolotti, Mohamad El Kadri, Lucas Gusm\u00e3o, Jo\u00e3o Aguiar e Miguel Castro. <\/p>\n<p><strong>Segundo o Movimento Global \u00e0 Gaza, a informa\u00e7\u00e3o da libera\u00e7\u00e3o dos ativistas foi repassada ao Centro Jur\u00eddico para os Direitos das Minorias \u00c1rabes em Israel (Adalah, justi\u00e7a em \u00e1rabe), ainda na noite de segunda-feira (6), quando foi avisado que todos os remanescentes da flotilha deixariam a pris\u00e3o de Kesdiot, no deserto de Negev, instala\u00e7\u00e3o localizada entre Gaza e o Egito.<\/strong><br \/> <a href=\"https:\/\/www.whatsapp.com\/channel\/0029VaoRTgrInlqYLSk59B2M\" target=\"_blank\">&gt;&gt; Siga o canal da <strong>Ag\u00eancia Brasil <\/strong>no WhatsApp<\/a><\/p>\n<h2>Sem comunica\u00e7\u00e3o<\/h2>\n<p>De acordo com o informe, os ativistas foram transportados pela Ponte Allenby\/Rei Hussein pelas autoridades israelenses at\u00e9 a fronteira, sem direito a comunica\u00e7\u00e3o ou intera\u00e7\u00e3o da diplomacia internacional. A assist\u00eancia s\u00f3 pode ser dada ap\u00f3s a chegada no pa\u00eds vizinho.<\/p>\n<p><strong>A delega\u00e7\u00e3o brasileira da Flotilha <em>Global Sumud<\/em> foi capturada pelas autoridades israelenses desde o in\u00edcio do m\u00eas de outubro, quando tentava romper o cerco a Gaza transportando ajuda humanit\u00e1ria em 50 embarca\u00e7\u00f5es.<\/strong><\/p>\n<p><a href=\"https:\/\/agenciabrasil.ebc.com.br\/internacional\/noticia\/2025-10\/flotilha-global-sumud-ultima-embarcacao-e-capturada-por-israel\" target=\"_blank\">A intercepta\u00e7\u00e3o em \u00e1guas internacionais foi considerada ilegal e arbitraria pelo MRE<\/a>, que chegou a notificar formalmente o governo de Israel por meio da Embaixada do Brasil em Tel Aviv e da Embaixada de Israel em Bras\u00edlia.<\/p>\n","protected":false},"excerpt":{"rendered":"<p>O Minist\u00e9rio das Rela\u00e7\u00f5es Exteriores (MRE) confirmou na manh\u00e3 desta ter\u00e7a-feira (7), em Bras\u00edlia, que os 13 brasileiros (foto) que integravam a Flotilha Global Sumud, entre eles a deputada federal Luizianne Lins (PT-CE), foram conduzidos at\u00e9 a fronteira com a Jord\u00e2nia e est\u00e3o livres das autoridades israelenses. A libera\u00e7\u00e3o ocorre exatamente no dia em que [&hellip;]<\/p>\n","protected":false},"author":1,"featured_media":1089,"comment_status":"open","ping_status":"open","sticky":false,"template":"","format":"standard","meta":{"footnotes":""},"categories":[22],"tags":[],"class_list":["post-1088","post","type-post","status-publish","format-standard","has-post-thumbnail","hentry","category-internacional"],"_links":{"self":[{"href":"https:\/\/newsabsoluto.com.br\/index.php?rest_route=\/wp\/v2\/posts\/1088","targetHints":{"allow":["GET"]}}],"collection":[{"href":"https:\/\/newsabsoluto.com.br\/index.php?rest_route=\/wp\/v2\/posts"}],"about":[{"href":"https:\/\/newsabsoluto.com.br\/index.php?rest_route=\/wp\/v2\/types\/post"}],"author":[{"embeddable":true,"href":"https:\/\/newsabsoluto.com.br\/index.php?rest_route=\/wp\/v2\/users\/1"}],"replies":[{"embeddable":true,"href":"https:\/\/newsabsoluto.com.br\/index.php?rest_route=%2Fwp%2Fv2%2Fcomments&post=1088"}],"version-history":[{"count":0,"href":"https:\/\/newsabsoluto.com.br\/index.php?rest_route=\/wp\/v2\/posts\/1088\/revisions"}],"wp:featuredmedia":[{"embeddable":true,"href":"https:\/\/newsabsoluto.com.br\/index.php?rest_route=\/wp\/v2\/media\/1089"}],"wp:attachment":[{"href":"https:\/\/newsabsoluto.com.br\/index.php?rest_route=%2Fwp%2Fv2%2Fmedia&parent=1088"}],"wp:term":[{"taxonomy":"category","embeddable":true,"href":"https:\/\/newsabsoluto.com.br\/index.php?rest_route=%2Fwp%2Fv2%2Fcategories&post=1088"},{"taxonomy":"post_tag","embeddable":true,"href":"https:\/\/newsabsoluto.com.br\/index.php?rest_route=%2Fwp%2Fv2%2Ftags&post=1088"}],"curies":[{"name":"wp","href":"https:\/\/api.w.org\/{rel}","templated":true}]}}