{"id":1084,"date":"2025-10-07T18:32:00","date_gmt":"2025-10-07T18:32:00","guid":{"rendered":"https:\/\/newsabsoluto.com.br\/?p=1084"},"modified":"2025-10-07T18:32:00","modified_gmt":"2025-10-07T18:32:00","slug":"sp-reune-sabedoria-e-celebracoes-no-1o-festival-de-cultura-popular","status":"publish","type":"post","link":"https:\/\/newsabsoluto.com.br\/?p=1084","title":{"rendered":"SP re\u00fane sabedoria e celebra\u00e7\u00f5es no 1\u00ba Festival de Cultura Popular"},"content":{"rendered":"<p style=\"text-align:center\"><a class=\"\" href=\"https:\/\/agenciabrasil.ebc.com.br\/geral\/noticia\/2025-10\/sp-reune-sabedoria-e-celebracoes-no-1o-festival-de-cultura-popular\"> <img decoding=\"async\" src=\"https:\/\/cdn.jsdelivr.net\/gh\/sergiosdlima\/assets-ebc@1.0.0\/abr\/assets\/images\/logo-agenciabrasil.svg\" alt=\"Logo Ag\u00eancia Brasil\" style=\"height: 54px\"> <\/a><\/p>\n<p><strong>Come\u00e7a nesta ter\u00e7a-feira (7) e vai at\u00e9 o dia 12 de outubro, o 1\u00ba Festival de Cultura Popular de S\u00e3o Paulo, com mais de 50 atra\u00e7\u00f5es gratuitas celebrando as tradi\u00e7\u00f5es e as reinven\u00e7\u00f5es da cultura brasileira. Organizado pela Secretaria Municipal de Cultura e Economia Criativa e pelo Centro Cultural S\u00e3o Paulo (CCSP), a iniciativa re\u00fane atra\u00e7\u00f5es como capoeira, jongo, maracatu, samba, forr\u00f3, teatro, cinema, batalhas de rima e rodas de conversa.<\/strong><img decoding=\"async\" src=\"https:\/\/agenciabrasil.ebc.com.br\/ebc.png?id=1661721&amp;o=rss\" style=\"width:1px;height:1px\"><img decoding=\"async\" src=\"https:\/\/agenciabrasil.ebc.com.br\/ebc.gif?id=1661721&amp;o=rss\" style=\"width:1px;height:1px\"> <\/p>\n<p>Ao longo dos seis dias, o CCSP receber\u00e1 nomes como Mestra Janja (Capoeira Angola-BA), Stela Nesrine (<em>Funmilayo Afrobeat<\/em> Orquestra), Clarice Pankararu (Lideran\u00e7a ind\u00edgena da SOS Pankararu), Claudia Rangel (artista visual e pesquisadora em xilogravura artesanal), Ritmos: DJ Tha\u00edde, Siba (Mestre Ambr\u00f3sio), Lirinha (Cordel do Fogo Encantado), Gaspar Z\u2019\u00e1frica, Salloma Salom\u00e3o e DJ Dolores (PE).<\/p>\n<h3>Not\u00edcias relacionadas:<\/h3>\n<ul>\n<li><a href=\"https:\/\/agenciabrasil.ebc.com.br\/geral\/noticia\/2022-02\/projeto-guri-oferece-vagas-gratuitas-para-aulas-de-musica-em-sao-paulo\">Projeto Guri oferece vagas gratuitas para aulas de m\u00fasica em S\u00e3o Paulo.<\/a><\/li>\n<li><a href=\"https:\/\/agenciabrasil.ebc.com.br\/saude\/noticia\/2025-10\/fiscalizacao-apreende-mais-de-7-mil-garrafas-de-bebidas-em-sao-paulo\">Fiscaliza\u00e7\u00e3o apreende mais de 7 mil garrafas de bebidas em S\u00e3o Paulo.<\/a><\/li>\n<\/ul>\n<p><strong>Haver\u00e1, ainda, encontros de congada, jongo e maracatu e tamb\u00e9m de quadrilhas juninas de Lagarto (SE): Parafusos e Raio da Silibrina. Al\u00e9m disso, haver\u00e1 a comemora\u00e7\u00e3o do anivers\u00e1rio de Tom Z\u00e9, com um show do artista.<\/strong> <\/p>\n<h2>Linguagens contempor\u00e2neas<\/h2>\n<p>A dire\u00e7\u00e3o \u00e9 de Jos\u00e9 Mauro Gnaspini, diretor do CCSP, com curadoria de Julio Dojcsar, que prop\u00f5e um encontro entre express\u00f5es ancestrais e linguagens contempor\u00e2neas. O projeto integra o edital de festivais promovido pela Secretaria Municipal de Cultura e Economia Criativa, por meio da Pol\u00edtica Nacional Aldir Blanc (PNAB), e \u00e9 realizado pelo Instituto Global Attitude.<\/p>\n<blockquote>\n<p>&#8220;Queremos valorizar a cultura que nasce do ch\u00e3o, da oralidade, da mem\u00f3ria, da resist\u00eancia e que segue pulsando nas periferias, nos terreiros e nas pra\u00e7as&#8221;, disse Gnaspini<\/p>\n<\/blockquote>\n<p><strong>Para ver a programa\u00e7\u00e3o completa e as condi\u00e7\u00f5es para a retirada de ingressos<\/strong>, <a href=\"https:\/\/centrocultural.sp.gov.br\/1o-festival-de-cultura-popular-de-sao-paulo-a-semana-da-cultura-popular-no-ccsp\/\" target=\"_blank\">basta acessar<\/a>.<\/p>\n","protected":false},"excerpt":{"rendered":"<p>Come\u00e7a nesta ter\u00e7a-feira (7) e vai at\u00e9 o dia 12 de outubro, o 1\u00ba Festival de Cultura Popular de S\u00e3o Paulo, com mais de 50 atra\u00e7\u00f5es gratuitas celebrando as tradi\u00e7\u00f5es e as reinven\u00e7\u00f5es da cultura brasileira. Organizado pela Secretaria Municipal de Cultura e Economia Criativa e pelo Centro Cultural S\u00e3o Paulo (CCSP), a iniciativa re\u00fane [&hellip;]<\/p>\n","protected":false},"author":1,"featured_media":1085,"comment_status":"open","ping_status":"open","sticky":false,"template":"","format":"standard","meta":{"footnotes":""},"categories":[7],"tags":[],"class_list":["post-1084","post","type-post","status-publish","format-standard","has-post-thumbnail","hentry","category-geral"],"_links":{"self":[{"href":"https:\/\/newsabsoluto.com.br\/index.php?rest_route=\/wp\/v2\/posts\/1084","targetHints":{"allow":["GET"]}}],"collection":[{"href":"https:\/\/newsabsoluto.com.br\/index.php?rest_route=\/wp\/v2\/posts"}],"about":[{"href":"https:\/\/newsabsoluto.com.br\/index.php?rest_route=\/wp\/v2\/types\/post"}],"author":[{"embeddable":true,"href":"https:\/\/newsabsoluto.com.br\/index.php?rest_route=\/wp\/v2\/users\/1"}],"replies":[{"embeddable":true,"href":"https:\/\/newsabsoluto.com.br\/index.php?rest_route=%2Fwp%2Fv2%2Fcomments&post=1084"}],"version-history":[{"count":0,"href":"https:\/\/newsabsoluto.com.br\/index.php?rest_route=\/wp\/v2\/posts\/1084\/revisions"}],"wp:featuredmedia":[{"embeddable":true,"href":"https:\/\/newsabsoluto.com.br\/index.php?rest_route=\/wp\/v2\/media\/1085"}],"wp:attachment":[{"href":"https:\/\/newsabsoluto.com.br\/index.php?rest_route=%2Fwp%2Fv2%2Fmedia&parent=1084"}],"wp:term":[{"taxonomy":"category","embeddable":true,"href":"https:\/\/newsabsoluto.com.br\/index.php?rest_route=%2Fwp%2Fv2%2Fcategories&post=1084"},{"taxonomy":"post_tag","embeddable":true,"href":"https:\/\/newsabsoluto.com.br\/index.php?rest_route=%2Fwp%2Fv2%2Ftags&post=1084"}],"curies":[{"name":"wp","href":"https:\/\/api.w.org\/{rel}","templated":true}]}}