{"id":1082,"date":"2025-10-07T21:01:00","date_gmt":"2025-10-07T21:01:00","guid":{"rendered":"https:\/\/newsabsoluto.com.br\/?p=1082"},"modified":"2025-10-07T21:01:00","modified_gmt":"2025-10-07T21:01:00","slug":"tres-pessoas-sao-presas-pela-pm-em-ato-pro-palestina-no-df","status":"publish","type":"post","link":"https:\/\/newsabsoluto.com.br\/?p=1082","title":{"rendered":"Tr\u00eas pessoas s\u00e3o presas pela PM em ato pr\u00f3-Palestina no DF"},"content":{"rendered":"<p style=\"text-align:center\"><a class=\"\" href=\"https:\/\/agenciabrasil.ebc.com.br\/geral\/noticia\/2025-10\/Tres-pessoas-sao-presas-pela-pm-em-ato-pro-palestina-no-df\"> <img decoding=\"async\" src=\"https:\/\/cdn.jsdelivr.net\/gh\/sergiosdlima\/assets-ebc@1.0.0\/abr\/assets\/images\/logo-agenciabrasil.svg\" alt=\"Logo Ag\u00eancia Brasil\" style=\"height: 54px\"> <\/a><\/p>\n<p><strong>Policiais militares do Distrito Federal e manifestantes entraram em confronto durante um ato pr\u00f3-Palestina em frente \u00e0 embaixada dos Estados Unidos, em Bras\u00edlia, nesta ter\u00e7a-feira (7). Tr\u00eas homens foram presos.\u00a0<\/strong><img decoding=\"async\" src=\"https:\/\/agenciabrasil.ebc.com.br\/ebc.png?id=1661748&amp;o=rss\" style=\"width:1px;height:1px\"><img decoding=\"async\" src=\"https:\/\/agenciabrasil.ebc.com.br\/ebc.gif?id=1661748&amp;o=rss\" style=\"width:1px;height:1px\"> <\/p>\n<p>O ato tinha como objetivo lembrar os<a href=\"http:\/\/agenciabrasil.ebc.com.br\/internacional\/noticia\/2025-10\/israel-bombardeia-gaza-no-aniversario-de-dois-anos-da-guerra\"> dois anos dos conflitos no Oriente M\u00e9dio\u00a0entre o Hamas e Israel<\/a>, e em protesto contra o genoc\u00eddio em Gaza, segundo os manifestantes.\u00a0O manifesto foi convocado pelo Comit\u00ea de Solidariedade \u00e0 Palestina no DF.\u00a0<\/p>\n<h3>Not\u00edcias relacionadas:<\/h3>\n<ul>\n<li><a href=\"https:\/\/agenciabrasil.ebc.com.br\/internacional\/noticia\/2025-10\/manifestacoes-pro-palestina-reuniram-milhares-de-pessoas-no-mundo\">Manifesta\u00e7\u00f5es pr\u00f3-Palestina reuniram milhares de pessoas no mundo.<\/a><\/li>\n<\/ul>\n<p>Em v\u00eddeo divulgado nas redes sociais,<strong> manifestantes argumentaram que o protesto era pac\u00edfico at\u00e9 a a\u00e7\u00e3o de abordagem dos policiais, que teriam ainda lan\u00e7ado g\u00e1s contra os presentes.<\/strong> <\/p>\n<p><a href=\"https:\/\/www.whatsapp.com\/channel\/0029VaoRTgrInlqYLSk59B2M\" target=\"_blank\">&gt;&gt; Siga o canal da <strong>Ag\u00eancia Brasil <\/strong>no WhatsApp<\/a><\/p>\n<h2>Vers\u00e3o da PM<\/h2>\n<p><strong>Segundo a vers\u00e3o da pol\u00edcia, o confronto ocorreu porque um homem com o rosto coberto foi visto em meio aos manifestantes manuseando uma pochete. A PMDF pondera que foi informada de que esse manifestante estava com uma faca na pochete.<\/strong><\/p>\n<p>\u201cA equipe policial solicitou que o suspeito descobrisse o rosto e que mostrasse o que tinha na pochete. Ele se negou e insuflou os manifestantes contra os policiais, e o grupo tentou impedir a revista do cidad\u00e3o\u201d, argumentou a PM em nota \u00e0 imprensa.<\/p>\n<p>Ainda segundo a vers\u00e3o da PM, um policial recebeu um chute de um segundo manifestante e foi seguro por outro que teria tentado evitar a pris\u00e3o. \u201cHouve uma negocia\u00e7\u00e3o para liberar a linha de conten\u00e7\u00e3o dos manifestantes para a revista. Em seguida, um dos manifestantes avan\u00e7ou sobre os policiais, e a briga come\u00e7ou generalizada, com agress\u00f5es aos policiais\u201d, argumentou a corpora\u00e7\u00e3o.<\/p>\n<p>A PM acrescentou que encontrou posteriormente a pochete vazia. <strong>Os tr\u00eas homens foram encaminhados para a 5\u00aa Delegacia de Pol\u00edcia. <\/strong>Representantes dos manifestantes presos e da organiza\u00e7\u00e3o do ato ainda n\u00e3o foram localizados pela reportagem.\u00a0<\/p>\n<p>A Embaixada dos Estados Unidos n\u00e3o se manifestou sobre o protesto.<\/p>\n","protected":false},"excerpt":{"rendered":"<p>Policiais militares do Distrito Federal e manifestantes entraram em confronto durante um ato pr\u00f3-Palestina em frente \u00e0 embaixada dos Estados Unidos, em Bras\u00edlia, nesta ter\u00e7a-feira (7). Tr\u00eas homens foram presos.\u00a0 O ato tinha como objetivo lembrar os dois anos dos conflitos no Oriente M\u00e9dio\u00a0entre o Hamas e Israel, e em protesto contra o genoc\u00eddio em [&hellip;]<\/p>\n","protected":false},"author":1,"featured_media":1083,"comment_status":"open","ping_status":"open","sticky":false,"template":"","format":"standard","meta":{"footnotes":""},"categories":[7],"tags":[],"class_list":["post-1082","post","type-post","status-publish","format-standard","has-post-thumbnail","hentry","category-geral"],"_links":{"self":[{"href":"https:\/\/newsabsoluto.com.br\/index.php?rest_route=\/wp\/v2\/posts\/1082","targetHints":{"allow":["GET"]}}],"collection":[{"href":"https:\/\/newsabsoluto.com.br\/index.php?rest_route=\/wp\/v2\/posts"}],"about":[{"href":"https:\/\/newsabsoluto.com.br\/index.php?rest_route=\/wp\/v2\/types\/post"}],"author":[{"embeddable":true,"href":"https:\/\/newsabsoluto.com.br\/index.php?rest_route=\/wp\/v2\/users\/1"}],"replies":[{"embeddable":true,"href":"https:\/\/newsabsoluto.com.br\/index.php?rest_route=%2Fwp%2Fv2%2Fcomments&post=1082"}],"version-history":[{"count":0,"href":"https:\/\/newsabsoluto.com.br\/index.php?rest_route=\/wp\/v2\/posts\/1082\/revisions"}],"wp:featuredmedia":[{"embeddable":true,"href":"https:\/\/newsabsoluto.com.br\/index.php?rest_route=\/wp\/v2\/media\/1083"}],"wp:attachment":[{"href":"https:\/\/newsabsoluto.com.br\/index.php?rest_route=%2Fwp%2Fv2%2Fmedia&parent=1082"}],"wp:term":[{"taxonomy":"category","embeddable":true,"href":"https:\/\/newsabsoluto.com.br\/index.php?rest_route=%2Fwp%2Fv2%2Fcategories&post=1082"},{"taxonomy":"post_tag","embeddable":true,"href":"https:\/\/newsabsoluto.com.br\/index.php?rest_route=%2Fwp%2Fv2%2Ftags&post=1082"}],"curies":[{"name":"wp","href":"https:\/\/api.w.org\/{rel}","templated":true}]}}