{"id":1078,"date":"2025-10-07T23:24:00","date_gmt":"2025-10-07T23:24:00","guid":{"rendered":"https:\/\/newsabsoluto.com.br\/?p=1078"},"modified":"2025-10-07T23:24:00","modified_gmt":"2025-10-07T23:24:00","slug":"aprovado-projeto-para-portabilidade-de-conta-salario-entre-bancos","status":"publish","type":"post","link":"https:\/\/newsabsoluto.com.br\/?p=1078","title":{"rendered":"Aprovado projeto para portabilidade de conta-sal\u00e1rio entre bancos"},"content":{"rendered":"<p style=\"text-align:center\"><a class=\"\" href=\"https:\/\/agenciabrasil.ebc.com.br\/politica\/noticia\/2025-10\/aprovado-projeto-para-portabilidade-de-conta-salario-entre-bancos\"> <img decoding=\"async\" src=\"https:\/\/cdn.jsdelivr.net\/gh\/sergiosdlima\/assets-ebc@1.0.0\/abr\/assets\/images\/logo-agenciabrasil.svg\" alt=\"Logo Ag\u00eancia Brasil\" style=\"height: 54px\"> <\/a><\/p>\n<p><strong>O Senado aprovou o Projeto de Lei (PL) 4.871\/2024, que estabelece a portabilidade autom\u00e1tica de sal\u00e1rios e o d\u00e9bito autom\u00e1tico entre institui\u00e7\u00f5es financeiras. <\/strong>O texto vai \u00e0 san\u00e7\u00e3o do presidente Luiz In\u00e1cio Lula da Silva.<img decoding=\"async\" src=\"https:\/\/agenciabrasil.ebc.com.br\/ebc.png?id=1661798&amp;o=rss\" style=\"width:1px;height:1px\"><img decoding=\"async\" src=\"https:\/\/agenciabrasil.ebc.com.br\/ebc.gif?id=1661798&amp;o=rss\" style=\"width:1px;height:1px\"> <\/p>\n<p><strong>Entre outros pontos, o projeto determina como direitos dos usu\u00e1rios a portabilidade salarial autom\u00e1tica; d\u00e9bito autom\u00e1tico entre institui\u00e7\u00f5es; direito \u00e0 informa\u00e7\u00e3o; e contrata\u00e7\u00e3o de cr\u00e9dito especial com juros reduzidos.<\/strong><\/p>\n<h3>Not\u00edcias relacionadas:<\/h3>\n<ul>\n<li><a href=\"https:\/\/agenciabrasil.ebc.com.br\/politica\/noticia\/2025-10\/camara-aprova-colaboracao-entre-orgaos-para-fiscalizacao-de-crimes\">C\u00e2mara aprova colabora\u00e7\u00e3o entre \u00f3rg\u00e3os para fiscaliza\u00e7\u00e3o de crimes.<\/a><\/li>\n<li><a href=\"https:\/\/agenciabrasil.ebc.com.br\/politica\/noticia\/2025-10\/mp-que-compensa-revogacao-de-decreto-do-iof-vai-camara\">MP que compensa revoga\u00e7\u00e3o de decreto do IOF vai \u00e0 C\u00e2mara.<\/a><\/li>\n<li><a href=\"https:\/\/agenciabrasil.ebc.com.br\/politica\/noticia\/2025-10\/renan-calheiros-sera-relator-do-projeto-de-isencao-do-ir-no-senado\">Renan Calheiros ser\u00e1 relator do projeto de isen\u00e7\u00e3o do IR no Senado.<\/a><\/li>\n<\/ul>\n<p><strong>A mat\u00e9ria determina que a institui\u00e7\u00e3o de origem n\u00e3o poder\u00e1 recusar o pedido da portabilidade de sal\u00e1rios, proventos, soldos, aposentadorias, pens\u00f5es e similares, a menos que haja justificativa clara e objetiva, e ter\u00e1 dois dias \u00fateis para efetuar a transfer\u00eancia.<\/strong> <\/p>\n<p><strong>O projeto tamb\u00e9m estabelece que o cliente poder\u00e1 pagar empr\u00e9stimos tomados em uma institui\u00e7\u00e3o banc\u00e1ria usando recursos guardados em outra, por meio de d\u00e9bito autom\u00e1tico.\u00a0<\/strong><\/p>\n<p>O texto tamb\u00e9m estabelece a cria\u00e7\u00e3o de uma nova modalidade de cr\u00e9dito, com juros mais baixos do que os praticados no mercado. Para ter acesso \u00e0 nova modalidade, o cliente fica impossibilitado de cancelar o d\u00e9bito autom\u00e1tico das parcelas desse empr\u00e9stimo at\u00e9 a quita\u00e7\u00e3o; fica sujeito \u00e0 possibilidade de penhora da parte do sal\u00e1rio que exceder o valor correspondente a 20 sal\u00e1rios m\u00ednimos; ao recebimento de cita\u00e7\u00f5es e intima\u00e7\u00f5es pessoais por e-mail, entre outras regras. A modalidade ainda dever\u00e1 ser regulamentada pelo Banco Central (BC).<\/p>\n<p>Outro ponto previsto \u00e9 que as institui\u00e7\u00f5es financeiras e institui\u00e7\u00f5es autorizadas a funcionar pelo Banco Central dever\u00e3o realizar comunica\u00e7\u00e3o pr\u00e9via a seus clientes sobre altera\u00e7\u00f5es nas taxas de juros incidentes sobre o saldo devedor de opera\u00e7\u00f5es de cr\u00e9dito nas modalidades pr\u00e9-aprovadas e rotativas, inclu\u00eddos cart\u00f5es de cr\u00e9dito e outros instrumentos p\u00f3s-pagos.<\/p>\n<p>A comunica\u00e7\u00e3o dever\u00e1 ser feita com anteced\u00eancia m\u00ednima de 30 dias e observando o uso de linguagem acess\u00edvel.<\/p>\n","protected":false},"excerpt":{"rendered":"<p>O Senado aprovou o Projeto de Lei (PL) 4.871\/2024, que estabelece a portabilidade autom\u00e1tica de sal\u00e1rios e o d\u00e9bito autom\u00e1tico entre institui\u00e7\u00f5es financeiras. O texto vai \u00e0 san\u00e7\u00e3o do presidente Luiz In\u00e1cio Lula da Silva. Entre outros pontos, o projeto determina como direitos dos usu\u00e1rios a portabilidade salarial autom\u00e1tica; d\u00e9bito autom\u00e1tico entre institui\u00e7\u00f5es; direito \u00e0 [&hellip;]<\/p>\n","protected":false},"author":1,"featured_media":1079,"comment_status":"open","ping_status":"open","sticky":false,"template":"","format":"standard","meta":{"footnotes":""},"categories":[12],"tags":[],"class_list":["post-1078","post","type-post","status-publish","format-standard","has-post-thumbnail","hentry","category-politica"],"_links":{"self":[{"href":"https:\/\/newsabsoluto.com.br\/index.php?rest_route=\/wp\/v2\/posts\/1078","targetHints":{"allow":["GET"]}}],"collection":[{"href":"https:\/\/newsabsoluto.com.br\/index.php?rest_route=\/wp\/v2\/posts"}],"about":[{"href":"https:\/\/newsabsoluto.com.br\/index.php?rest_route=\/wp\/v2\/types\/post"}],"author":[{"embeddable":true,"href":"https:\/\/newsabsoluto.com.br\/index.php?rest_route=\/wp\/v2\/users\/1"}],"replies":[{"embeddable":true,"href":"https:\/\/newsabsoluto.com.br\/index.php?rest_route=%2Fwp%2Fv2%2Fcomments&post=1078"}],"version-history":[{"count":0,"href":"https:\/\/newsabsoluto.com.br\/index.php?rest_route=\/wp\/v2\/posts\/1078\/revisions"}],"wp:featuredmedia":[{"embeddable":true,"href":"https:\/\/newsabsoluto.com.br\/index.php?rest_route=\/wp\/v2\/media\/1079"}],"wp:attachment":[{"href":"https:\/\/newsabsoluto.com.br\/index.php?rest_route=%2Fwp%2Fv2%2Fmedia&parent=1078"}],"wp:term":[{"taxonomy":"category","embeddable":true,"href":"https:\/\/newsabsoluto.com.br\/index.php?rest_route=%2Fwp%2Fv2%2Fcategories&post=1078"},{"taxonomy":"post_tag","embeddable":true,"href":"https:\/\/newsabsoluto.com.br\/index.php?rest_route=%2Fwp%2Fv2%2Ftags&post=1078"}],"curies":[{"name":"wp","href":"https:\/\/api.w.org\/{rel}","templated":true}]}}