{"id":1072,"date":"2025-10-06T19:58:00","date_gmt":"2025-10-06T19:58:00","guid":{"rendered":"https:\/\/newsabsoluto.com.br\/?p=1072"},"modified":"2025-10-06T19:58:00","modified_gmt":"2025-10-06T19:58:00","slug":"jogos-universitarios-brasileiros-chegam-ao-rio-grande-do-norte","status":"publish","type":"post","link":"https:\/\/newsabsoluto.com.br\/?p=1072","title":{"rendered":"Jogos Universit\u00e1rios Brasileiros chegam ao Rio Grande do Norte"},"content":{"rendered":"<p style=\"text-align:center\"><a class=\"\" href=\"https:\/\/agenciabrasil.ebc.com.br\/esportes\/noticia\/2025-10\/jogos-universitarios-brasileiros-chegam-ao-rio-grande-do-norte\"> <img decoding=\"async\" src=\"https:\/\/cdn.jsdelivr.net\/gh\/sergiosdlima\/assets-ebc@1.0.0\/abr\/assets\/images\/logo-agenciabrasil.svg\" alt=\"Logo Ag\u00eancia Brasil\" style=\"height: 54px\"> <\/a><\/p>\n<p>Um dos maiores eventos esportivos da Am\u00e9rica Latina, os Jogos Universit\u00e1rios Brasileiros (Jubs), come\u00e7a nesta segunda-feira (6) em Natal, reunindo cerca de sete mil estudantes de mais de 310 universidades do pa\u00eds. At\u00e9 o dia 18 de outubro eles disputar\u00e3o 3.200 medalhas em 22 modalidades, al\u00e9m de participarem de competi\u00e7\u00f5es acad\u00eamicas e de a\u00e7\u00f5es sociais. Segundo o presidente da Confedera\u00e7\u00e3o Brasileira do Desporto Universit\u00e1rio (CBDU), Alim Maluf Neto, o n\u00famero de estudantes envolvidos nos jogos \u00e9 ainda maior: \u201cAs 27 federa\u00e7\u00f5es fizeram seletivas estaduais para que os melhores estivessem aqui em Natal. A gente chega ent\u00e3o a 80 mil atletas que participaram com o sonho de ser um desses sete mil atletas que est\u00e3o aqui\u201d.<img decoding=\"async\" src=\"https:\/\/agenciabrasil.ebc.com.br\/ebc.png?id=1661560&amp;o=rss\" style=\"width:1px;height:1px\"><img decoding=\"async\" src=\"https:\/\/agenciabrasil.ebc.com.br\/ebc.gif?id=1661560&amp;o=rss\" style=\"width:1px;height:1px\"> <\/p>\n<p>As competi\u00e7\u00f5es come\u00e7am na pr\u00f3xima ter\u00e7a-feira (7) em 30 pra\u00e7as esportivas espalhadas pela capital do Rio Grande do Norte, com o cora\u00e7\u00e3o do evento no Centro de Conven\u00e7\u00f5es de Natal, onde est\u00e1 o Boulevard dos Atletas. O espa\u00e7o \u00e9 um ponto de encontro dos participantes, com atividades culturais, brincadeiras e descontra\u00e7\u00e3o entre estudantes, equipes t\u00e9cnicas e visitantes. L\u00e1 tamb\u00e9m ser\u00e3o realizadas as competi\u00e7\u00f5es de lutas, do basquete x1 e os jogos eletr\u00f4nicos (games).<br \/> <a href=\"https:\/\/www.whatsapp.com\/channel\/0029VaoRTgrInlqYLSk59B2M\" target=\"_blank\">&gt;&gt; Siga o canal da <strong>Ag\u00eancia Brasil <\/strong>no WhatsApp<\/a><\/p>\n<h2>Pesquisa tamb\u00e9m ganha medalha<\/h2>\n<h3>Not\u00edcias relacionadas:<\/h3>\n<ul>\n<li><a href=\"https:\/\/agenciabrasil.ebc.com.br\/esportes\/noticia\/2024-10\/jubs-2024-chega-ao-final-e-deixa-lembrancas-e-ensinamentos\">JUBs 2024 chega ao final e deixa lembran\u00e7as e ensinamentos.<\/a><\/li>\n<li><a href=\"https:\/\/agenciabrasil.ebc.com.br\/esportes\/noticia\/2024-06\/2a-edicao-dos-jubs-atleticas-chega-ao-final-com-halterada-bicampea\">2\u00aa edi\u00e7\u00e3o dos JUBs Atl\u00e9ticas chega ao final com Halterada bicampe\u00e3.<\/a><\/li>\n<li><a href=\"https:\/\/agenciabrasil.ebc.com.br\/esportes\/noticia\/2025-10\/virada-e-derrota-rubro-negra-levam-palmeiras-ponta-do-brasileirao\">Virada e derrota rubro-negra levam Palmeiras \u00e0 ponta do Brasileir\u00e3o.<\/a><\/li>\n<\/ul>\n<p>Al\u00e9m das competi\u00e7\u00f5es esportivas, os Jogos tamb\u00e9m incluem uma modalidade acad\u00eamica. Nela os alunos podem inscrever trabalhos acad\u00eamicos que s\u00e3o avaliados por uma banca e tamb\u00e9m podem ser premiados com medalha. Segundo o vice-presidente da CBDU, Luciano Cabral, essa \u00e9 uma forma de impulsionar a pesquisa, que \u00e9 um diferencial do esporte universit\u00e1rio, trazendo para os jogos alunos que t\u00eam uma voca\u00e7\u00e3o para a pesquisa e para a produ\u00e7\u00e3o do conhecimento. <\/p>\n<blockquote class=\"instagram-media\" data-instgrm-captioned=\"\" data-instgrm-permalink=\"https:\/\/www.instagram.com\/reel\/DPduoQxEbat\/?utm_source=ig_embed&amp;utm_campaign=loading\" data-instgrm-version=\"14\" style=\"background:#FFF;border:0;border-radius:3px;margin: 1px;max-width:540px;min-width:326px;padding:0;width:99.375%;width:-webkit-calc(100% - 2px);width:calc(100% - 2px)\">\n<div style=\"padding:16px\">\n<div style=\"flex-direction: row;align-items: center\">\n<div style=\"background-color: #F4F4F4;border-radius: 50%;flex-grow: 0;height: 40px;margin-right: 14px;width: 40px\">\u00a0<\/div>\n<div style=\"flex-direction: column;flex-grow: 1;justify-content: center\">\n<div style=\"background-color: #F4F4F4;border-radius: 4px;flex-grow: 0;height: 14px;margin-bottom: 6px;width: 100px\">\u00a0<\/div>\n<div style=\"background-color: #F4F4F4;border-radius: 4px;flex-grow: 0;height: 14px;width: 60px\">\u00a0<\/div><\/div><\/div>\n<div style=\"padding: 19% 0\">\u00a0<\/div>\n<div style=\"height:50px;margin:0 auto 12px;width:50px\"><a href=\"https:\/\/www.instagram.com\/reel\/DPduoQxEbat\/?utm_source=ig_embed&amp;utm_campaign=loading\" style=\"background:#FFFFFF;line-height:0;padding:0 0;text-align:center;text-decoration:none;width:100%\" target=\"_blank\"><\/a><\/div>\n<div style=\"padding-top: 8px\">\n<div style=\"color:#3897f0;font-family:Arial,sans-serif;font-size:14px;font-style:normal;font-weight:550;line-height:18px\"><a href=\"https:\/\/www.instagram.com\/reel\/DPduoQxEbat\/?utm_source=ig_embed&amp;utm_campaign=loading\" style=\"background:#FFFFFF;line-height:0;padding:0 0;text-align:center;text-decoration:none;width:100%\" target=\"_blank\">Ver essa foto no Instagram<\/a><\/div><\/div>\n<div style=\"padding: 12.5% 0\">\u00a0<\/div>\n<div style=\"flex-direction: row;margin-bottom: 14px;align-items: center\">\n<div>\n<div style=\"background-color: #F4F4F4;border-radius: 50%;height: 12.5px;width: 12.5px\">\u00a0<\/div>\n<div style=\"background-color: #F4F4F4;height: 12.5px;width: 12.5px;flex-grow: 0;margin-right: 14px;margin-left: 2px\">\u00a0<\/div>\n<div style=\"background-color: #F4F4F4;border-radius: 50%;height: 12.5px;width: 12.5px\">\u00a0<\/div><\/div>\n<div style=\"margin-left: 8px\">\n<div style=\"background-color: #F4F4F4;border-radius: 50%;flex-grow: 0;height: 20px;width: 20px\">\u00a0<\/div>\n<div style=\"width: 0;height: 0;border-top: 2px solid transparent;border-left: 6px solid #f4f4f4;border-bottom: 2px solid transparent\">\u00a0<\/div><\/div>\n<div style=\"margin-left: auto\">\n<div style=\"width: 0px;border-top: 8px solid #F4F4F4;border-right: 8px solid transparent\">\u00a0<\/div>\n<div style=\"background-color: #F4F4F4;flex-grow: 0;height: 12px;width: 16px\">\u00a0<\/div>\n<div style=\"width: 0;height: 0;border-top: 8px solid #F4F4F4;border-left: 8px solid transparent\">\u00a0<\/div><\/div><\/div>\n<div style=\"flex-direction: column;flex-grow: 1;justify-content: center;margin-bottom: 24px\">\n<div style=\"background-color: #F4F4F4;border-radius: 4px;flex-grow: 0;height: 14px;margin-bottom: 6px;width: 224px\">\u00a0<\/div>\n<div style=\"background-color: #F4F4F4;border-radius: 4px;flex-grow: 0;height: 14px;width: 144px\">\u00a0<\/div><\/div>\n<p style=\"color:#c9c8cd;font-family:Arial,sans-serif;font-size:14px;line-height:17px;margin-bottom:0;margin-top:8px;overflow:hidden;padding:8px 0 7px;text-align:center\"><a href=\"https:\/\/www.instagram.com\/reel\/DPduoQxEbat\/?utm_source=ig_embed&amp;utm_campaign=loading\" style=\"color:#c9c8cd;font-family:Arial,sans-serif;font-size:14px;font-style:normal;font-weight:normal;line-height:17px;text-decoration:none\" target=\"_blank\">Uma publica\u00e7\u00e3o compartilhada por C B D U (@cbdu)<\/a><\/p>\n<\/p><\/div>\n<\/blockquote>\n<p>\u201cEla premia como o jud\u00f4 e a nata\u00e7\u00e3o, pontua igual, recebe medalha igual, mas premia a pesquisa. N\u00f3s temos tr\u00eas bancas, que s\u00e3o nove professores doutores. As bancas s\u00e3o divididas, fazem avalia\u00e7\u00e3o e os tr\u00eas melhores trabalhos apresentados recebem medalha, com pontua\u00e7\u00e3o\u201d, explica Luciano.<\/p>\n<h2>Estrutura e impacto econ\u00f4mico<\/h2>\n<p>Dos cerca de 7 mil participantes, pouco mais de 200 s\u00e3o de Natal e representam 9 universidades locais. Todo esse volume de atletas e de atividades exige tamb\u00e9m uma grande estrutura e log\u00edstica da organiza\u00e7\u00e3o do evento, com mais de 38 mil di\u00e1rias de hospedagem, 72 mil refei\u00e7\u00f5es programadas, al\u00e9m do deslocamento de alunos e equipes t\u00e9cnicas (est\u00e3o previstos 54 \u00f4nibus, 60 vans e 65 carros de trabalho). Um evento de grandes n\u00fameros, segundo Alim Maluf Neto: \u201cEstamos com mais de 500 pessoas fazendo parte do grupo de trabalho, entre funcion\u00e1rios da CBDU, funcion\u00e1rios tempor\u00e1rios, arbitragem, servi\u00e7os terceirizados, uma mega-estrutura para atender essas sete mil pessoas. Para n\u00f3s \u00e9 um orgulho muito grande fazer parte disso e dar a oportunidade de os nossos alunos atletas, nossos futuros l\u00edderes, terem essa experi\u00eancia de desfrutar o esporte universit\u00e1rio\u201d.<\/p>\n<p>A organiza\u00e7\u00e3o do evento espera que o impacto econ\u00f4mico do evento na capital do Rio Grande do Norte seja de cerca de R$ 3,5 milh\u00f5es. O subsecret\u00e1rio de Esporte e Lazer do Rio Grande do Norte, Cezinha Nunes, afirma que esse impacto acontecer\u00e1 em v\u00e1rias \u00e1reas: \u201cNatal \u00e9 uma cidade litor\u00e2nea, voc\u00ea pode jogar pela manh\u00e3 e de repente ir fazer um passeio nas dunas com sua equipe. Isso \u00e9 muito v\u00e1lido. Acho que o impacto de grandes propor\u00e7\u00f5es n\u00e3o apenas no esporte, como no turismo, na economia, no que as pessoas levar\u00e3o daqui para seus estados\u201d.<\/p>\n<blockquote class=\"instagram-media\" data-instgrm-captioned=\"\" data-instgrm-permalink=\"https:\/\/www.instagram.com\/p\/DOwaWB1j2eF\/?utm_source=ig_embed&amp;utm_campaign=loading\" data-instgrm-version=\"14\" style=\"background:#FFF;border:0;border-radius:3px;margin: 1px;max-width:540px;min-width:326px;padding:0;width:99.375%;width:-webkit-calc(100% - 2px);width:calc(100% - 2px)\">\n<div style=\"padding:16px\">\n<div style=\"flex-direction: row;align-items: center\">\n<div style=\"background-color: #F4F4F4;border-radius: 50%;flex-grow: 0;height: 40px;margin-right: 14px;width: 40px\">\u00a0<\/div>\n<div style=\"flex-direction: column;flex-grow: 1;justify-content: center\">\n<div style=\"background-color: #F4F4F4;border-radius: 4px;flex-grow: 0;height: 14px;margin-bottom: 6px;width: 100px\">\u00a0<\/div>\n<div style=\"background-color: #F4F4F4;border-radius: 4px;flex-grow: 0;height: 14px;width: 60px\">\u00a0<\/div><\/div><\/div>\n<div style=\"padding: 19% 0\">\u00a0<\/div>\n<div style=\"height:50px;margin:0 auto 12px;width:50px\"><a href=\"https:\/\/www.instagram.com\/p\/DOwaWB1j2eF\/?utm_source=ig_embed&amp;utm_campaign=loading\" style=\"background:#FFFFFF;line-height:0;padding:0 0;text-align:center;text-decoration:none;width:100%\" target=\"_blank\"><\/a><\/div>\n<div style=\"padding-top: 8px\">\n<div style=\"color:#3897f0;font-family:Arial,sans-serif;font-size:14px;font-style:normal;font-weight:550;line-height:18px\"><a href=\"https:\/\/www.instagram.com\/p\/DOwaWB1j2eF\/?utm_source=ig_embed&amp;utm_campaign=loading\" style=\"background:#FFFFFF;line-height:0;padding:0 0;text-align:center;text-decoration:none;width:100%\" target=\"_blank\">Ver essa foto no Instagram<\/a><\/div><\/div>\n<div style=\"padding: 12.5% 0\">\u00a0<\/div>\n<div style=\"flex-direction: row;margin-bottom: 14px;align-items: center\">\n<div>\n<div style=\"background-color: #F4F4F4;border-radius: 50%;height: 12.5px;width: 12.5px\">\u00a0<\/div>\n<div style=\"background-color: #F4F4F4;height: 12.5px;width: 12.5px;flex-grow: 0;margin-right: 14px;margin-left: 2px\">\u00a0<\/div>\n<div style=\"background-color: #F4F4F4;border-radius: 50%;height: 12.5px;width: 12.5px\">\u00a0<\/div><\/div>\n<div style=\"margin-left: 8px\">\n<div style=\"background-color: #F4F4F4;border-radius: 50%;flex-grow: 0;height: 20px;width: 20px\">\u00a0<\/div>\n<div style=\"width: 0;height: 0;border-top: 2px solid transparent;border-left: 6px solid #f4f4f4;border-bottom: 2px solid transparent\">\u00a0<\/div><\/div>\n<div style=\"margin-left: auto\">\n<div style=\"width: 0px;border-top: 8px solid #F4F4F4;border-right: 8px solid transparent\">\u00a0<\/div>\n<div style=\"background-color: #F4F4F4;flex-grow: 0;height: 12px;width: 16px\">\u00a0<\/div>\n<div style=\"width: 0;height: 0;border-top: 8px solid #F4F4F4;border-left: 8px solid transparent\">\u00a0<\/div><\/div><\/div>\n<div style=\"flex-direction: column;flex-grow: 1;justify-content: center;margin-bottom: 24px\">\n<div style=\"background-color: #F4F4F4;border-radius: 4px;flex-grow: 0;height: 14px;margin-bottom: 6px;width: 224px\">\u00a0<\/div>\n<div style=\"background-color: #F4F4F4;border-radius: 4px;flex-grow: 0;height: 14px;width: 144px\">\u00a0<\/div><\/div>\n<p style=\"color:#c9c8cd;font-family:Arial,sans-serif;font-size:14px;line-height:17px;margin-bottom:0;margin-top:8px;overflow:hidden;padding:8px 0 7px;text-align:center\"><a href=\"https:\/\/www.instagram.com\/p\/DOwaWB1j2eF\/?utm_source=ig_embed&amp;utm_campaign=loading\" style=\"color:#c9c8cd;font-family:Arial,sans-serif;font-size:14px;font-style:normal;font-weight:normal;line-height:17px;text-decoration:none\" target=\"_blank\">Uma publica\u00e7\u00e3o compartilhada por C B D U (@cbdu)<\/a><\/p>\n<\/p><\/div>\n<\/blockquote>\n<h2>A\u00e7\u00f5es Sociais<\/h2>\n<p>Os Jubs tamb\u00e9m ser\u00e3o palco de a\u00e7\u00f5es sociais em Natal, como conta a coordenadora de responsabilidade social da entidade, Elaine Morellato. A primeira delas, que acontece ainda esta semana, \u00e9 a visita de alunos do ensino fundamental, com idades a partir de 9 anos, ao Boulevard dos Atletas. As crian\u00e7as conhecer\u00e3o o espa\u00e7o e acompanhar\u00e3o a rotina dos atletas, al\u00e9m de participarem de brincadeiras. Tamb\u00e9m ser\u00e3o realizadas a\u00e7\u00f5es voltadas para mulheres em situa\u00e7\u00e3o de vulnerabilidade social. \u201cA responsabilidade social \u00e9 isso. Temos que mostrar o m\u00ednimo de impacto, deixar um legado e deixar uma mensagem\u201d, declarou. \u201cPara as crian\u00e7as, mostrar que elas s\u00e3o os futuros universit\u00e1rios, estar\u00e3o nos Jubs no futuro. Eu, por exemplo, estive em Natal em 1999 como atleta e hoje estou como coordenadora. A ideia \u00e9 essa, essa roda tem que continuar a girar\u201d, conclui.<\/p>\n","protected":false},"excerpt":{"rendered":"<p>Um dos maiores eventos esportivos da Am\u00e9rica Latina, os Jogos Universit\u00e1rios Brasileiros (Jubs), come\u00e7a nesta segunda-feira (6) em Natal, reunindo cerca de sete mil estudantes de mais de 310 universidades do pa\u00eds. At\u00e9 o dia 18 de outubro eles disputar\u00e3o 3.200 medalhas em 22 modalidades, al\u00e9m de participarem de competi\u00e7\u00f5es acad\u00eamicas e de a\u00e7\u00f5es sociais. [&hellip;]<\/p>\n","protected":false},"author":1,"featured_media":1073,"comment_status":"open","ping_status":"open","sticky":false,"template":"","format":"standard","meta":{"footnotes":""},"categories":[17],"tags":[],"class_list":["post-1072","post","type-post","status-publish","format-standard","has-post-thumbnail","hentry","category-esportes"],"_links":{"self":[{"href":"https:\/\/newsabsoluto.com.br\/index.php?rest_route=\/wp\/v2\/posts\/1072","targetHints":{"allow":["GET"]}}],"collection":[{"href":"https:\/\/newsabsoluto.com.br\/index.php?rest_route=\/wp\/v2\/posts"}],"about":[{"href":"https:\/\/newsabsoluto.com.br\/index.php?rest_route=\/wp\/v2\/types\/post"}],"author":[{"embeddable":true,"href":"https:\/\/newsabsoluto.com.br\/index.php?rest_route=\/wp\/v2\/users\/1"}],"replies":[{"embeddable":true,"href":"https:\/\/newsabsoluto.com.br\/index.php?rest_route=%2Fwp%2Fv2%2Fcomments&post=1072"}],"version-history":[{"count":0,"href":"https:\/\/newsabsoluto.com.br\/index.php?rest_route=\/wp\/v2\/posts\/1072\/revisions"}],"wp:featuredmedia":[{"embeddable":true,"href":"https:\/\/newsabsoluto.com.br\/index.php?rest_route=\/wp\/v2\/media\/1073"}],"wp:attachment":[{"href":"https:\/\/newsabsoluto.com.br\/index.php?rest_route=%2Fwp%2Fv2%2Fmedia&parent=1072"}],"wp:term":[{"taxonomy":"category","embeddable":true,"href":"https:\/\/newsabsoluto.com.br\/index.php?rest_route=%2Fwp%2Fv2%2Fcategories&post=1072"},{"taxonomy":"post_tag","embeddable":true,"href":"https:\/\/newsabsoluto.com.br\/index.php?rest_route=%2Fwp%2Fv2%2Ftags&post=1072"}],"curies":[{"name":"wp","href":"https:\/\/api.w.org\/{rel}","templated":true}]}}