{"id":1070,"date":"2025-10-06T21:28:00","date_gmt":"2025-10-06T21:28:00","guid":{"rendered":"https:\/\/newsabsoluto.com.br\/?p=1070"},"modified":"2025-10-06T21:28:00","modified_gmt":"2025-10-06T21:28:00","slug":"everton-ribeiro-passa-por-cirurgia-de-tireoide-devido-a-um-cancer","status":"publish","type":"post","link":"https:\/\/newsabsoluto.com.br\/?p=1070","title":{"rendered":"Everton Ribeiro passa por cirurgia de tireoide devido a um c\u00e2ncer"},"content":{"rendered":"<p style=\"text-align:center\"><a class=\"\" href=\"https:\/\/agenciabrasil.ebc.com.br\/esportes\/noticia\/2025-10\/everton-ribeiro-passa-por-cirurgia-de-tireoide-devido-um-cancer\"> <img decoding=\"async\" src=\"https:\/\/cdn.jsdelivr.net\/gh\/sergiosdlima\/assets-ebc@1.0.0\/abr\/assets\/images\/logo-agenciabrasil.svg\" alt=\"Logo Ag\u00eancia Brasil\" style=\"height: 54px\"> <\/a><\/p>\n<p>Um dia ap\u00f3s se destacar em campo na vit\u00f3ria do Bahia sobre o Flamengo em Salvador, o meio-campista Everton Ribeiro revelou que passou por cirurgia nesta segunda-feira (6) para tratar de um c\u00e2ncer de tireoide diagnosticado h\u00e1 quase um m\u00eas. Ex-jogador do Flamengo, o atleta de 36 anos, camisa 10 do Esquadr\u00e3o de A\u00e7o, usou as redes sociais para falar do assunto com os f\u00e3s.<img decoding=\"async\" src=\"https:\/\/agenciabrasil.ebc.com.br\/ebc.png?id=1661598&amp;o=rss\" style=\"width:1px;height:1px\"><img decoding=\"async\" src=\"https:\/\/agenciabrasil.ebc.com.br\/ebc.gif?id=1661598&amp;o=rss\" style=\"width:1px;height:1px\"> <\/p>\n<p>\u201cHoje fiz a cirurgia e tudo correu bem, gra\u00e7as a Deus. Sigo em recupera\u00e7\u00e3o, com f\u00e9 e com o apoio da minha fam\u00edlia e de voc\u00eas. Obrigado por cada ora\u00e7\u00e3o e carinho. Ter voc\u00eas ao meu lado faz toda a diferen\u00e7a. <em>Tenho certeza de que vamos vencer mais essa batalha juntos&#8221;<\/em>, afirmou o jogador e capit\u00e3o do time baiano.<\/p>\n<h3>Not\u00edcias relacionadas:<\/h3>\n<ul>\n<li><a href=\"https:\/\/agenciabrasil.ebc.com.br\/esportes\/noticia\/2025-10\/virada-e-derrota-rubro-negra-levam-palmeiras-ponta-do-brasileirao\">Virada e derrota rubro-negra levam Palmeiras \u00e0 ponta do Brasileir\u00e3o.<\/a><\/li>\n<li><a href=\"https:\/\/agenciabrasil.ebc.com.br\/saude\/noticia\/2025-05\/dia-internacional-da-tireoide-disturbios-podem-afetar-fertilidade\">Dia Internacional da Tireoide: dist\u00farbios podem afetar fertilidade.<\/a><\/li>\n<li><a href=\"https:\/\/agenciabrasil.ebc.com.br\/esportes\/noticia\/2025-10\/amistosos-ancelotti-comanda-1o-treino-da-selecao-na-coreia-do-sul\">Amistosos: Ancelotti comanda 1\u00ba treino da sele\u00e7\u00e3o na Coreia do Sul .<\/a><\/li>\n<\/ul>\n<p>A tireoide \u00e9 uma gl\u00e2ndula que tem o formato parecido com o de uma borboleta, localizada na parte superior e frontal do pesco\u00e7o, abra\u00e7ando a traqueia. Ela produz os horm\u00f4nios\u00a0T3 e T4 (triodotironina e tiroxina, respectivamente), que agem no corpo, desde a forma\u00e7\u00e3o fetal at\u00e9 a velhice. <\/p>\n<blockquote class=\"instagram-media\" data-instgrm-captioned=\"\" data-instgrm-permalink=\"https:\/\/www.instagram.com\/p\/DPeaqLxjt6E\/?utm_source=ig_embed&amp;utm_campaign=loading\" data-instgrm-version=\"14\" style=\"background:#FFF;border:0;border-radius:3px;margin: 1px;max-width:540px;min-width:326px;padding:0;width:99.375%;width:-webkit-calc(100% - 2px);width:calc(100% - 2px)\">\n<div style=\"padding:16px\">\n<div style=\"flex-direction: row;align-items: center\">\n<div style=\"background-color: #F4F4F4;border-radius: 50%;flex-grow: 0;height: 40px;margin-right: 14px;width: 40px\">\u00a0<\/div>\n<div style=\"flex-direction: column;flex-grow: 1;justify-content: center\">\n<div style=\"background-color: #F4F4F4;border-radius: 4px;flex-grow: 0;height: 14px;margin-bottom: 6px;width: 100px\">\u00a0<\/div>\n<div style=\"background-color: #F4F4F4;border-radius: 4px;flex-grow: 0;height: 14px;width: 60px\">\u00a0<\/div><\/div><\/div>\n<div style=\"padding: 19% 0\">\u00a0<\/div>\n<div style=\"height:50px;margin:0 auto 12px;width:50px\"><a href=\"https:\/\/www.instagram.com\/p\/DPeaqLxjt6E\/?utm_source=ig_embed&amp;utm_campaign=loading\" style=\"background:#FFFFFF;line-height:0;padding:0 0;text-align:center;text-decoration:none;width:100%\" target=\"_blank\"><\/a><\/div>\n<div style=\"padding-top: 8px\">\n<div style=\"color:#3897f0;font-family:Arial,sans-serif;font-size:14px;font-style:normal;font-weight:550;line-height:18px\"><a href=\"https:\/\/www.instagram.com\/p\/DPeaqLxjt6E\/?utm_source=ig_embed&amp;utm_campaign=loading\" style=\"background:#FFFFFF;line-height:0;padding:0 0;text-align:center;text-decoration:none;width:100%\" target=\"_blank\">Ver essa foto no Instagram<\/a><\/div><\/div>\n<div style=\"padding: 12.5% 0\">\u00a0<\/div>\n<div style=\"flex-direction: row;margin-bottom: 14px;align-items: center\">\n<div>\n<div style=\"background-color: #F4F4F4;border-radius: 50%;height: 12.5px;width: 12.5px\">\u00a0<\/div>\n<div style=\"background-color: #F4F4F4;height: 12.5px;width: 12.5px;flex-grow: 0;margin-right: 14px;margin-left: 2px\">\u00a0<\/div>\n<div style=\"background-color: #F4F4F4;border-radius: 50%;height: 12.5px;width: 12.5px\">\u00a0<\/div><\/div>\n<div style=\"margin-left: 8px\">\n<div style=\"background-color: #F4F4F4;border-radius: 50%;flex-grow: 0;height: 20px;width: 20px\">\u00a0<\/div>\n<div style=\"width: 0;height: 0;border-top: 2px solid transparent;border-left: 6px solid #f4f4f4;border-bottom: 2px solid transparent\">\u00a0<\/div><\/div>\n<div style=\"margin-left: auto\">\n<div style=\"width: 0px;border-top: 8px solid #F4F4F4;border-right: 8px solid transparent\">\u00a0<\/div>\n<div style=\"background-color: #F4F4F4;flex-grow: 0;height: 12px;width: 16px\">\u00a0<\/div>\n<div style=\"width: 0;height: 0;border-top: 8px solid #F4F4F4;border-left: 8px solid transparent\">\u00a0<\/div><\/div><\/div>\n<div style=\"flex-direction: column;flex-grow: 1;justify-content: center;margin-bottom: 24px\">\n<div style=\"background-color: #F4F4F4;border-radius: 4px;flex-grow: 0;height: 14px;margin-bottom: 6px;width: 224px\">\u00a0<\/div>\n<div style=\"background-color: #F4F4F4;border-radius: 4px;flex-grow: 0;height: 14px;width: 144px\">\u00a0<\/div><\/div>\n<p style=\"color:#c9c8cd;font-family:Arial,sans-serif;font-size:14px;line-height:17px;margin-bottom:0;margin-top:8px;overflow:hidden;padding:8px 0 7px;text-align:center\"><a href=\"https:\/\/www.instagram.com\/p\/DPeaqLxjt6E\/?utm_source=ig_embed&amp;utm_campaign=loading\" style=\"color:#c9c8cd;font-family:Arial,sans-serif;font-size:14px;font-style:normal;font-weight:normal;line-height:17px;text-decoration:none\" target=\"_blank\">Uma publica\u00e7\u00e3o compartilhada por Everton Ribeiro (@evertonri)<\/a><\/p>\n<\/p><\/div>\n<\/blockquote>\n<p>Na noite de domingo (5), v\u00e9spera da cirurgia, Everton brilhou na cria\u00e7\u00e3o de jogadas do Bahia, que derrotou o Rubro-Negro carioca por 1 a 0, na Arena Fonte Nova, em Salvador. O triunfo p\u00f4s fim a\u00a0uma sequ\u00eancia de 12 derrotas seguidas do Esquadr\u00e3o de A\u00e7o para o time carioca.<\/p>\n<p>O procedimento cir\u00fargico de Everton coincide com o in\u00edcio da Data Fifa &#8211;\u00a0intervalo para realiza\u00e7\u00e3o de amistosos de sele\u00e7\u00f5es,\u00a0quando h\u00e1 interrup\u00e7\u00e3o do calend\u00e1rio do\u00a0Campeonato Brasileiro. O pr\u00f3ximo jogo do Bahia pelo Brasileir\u00e3o ser\u00e1 contra o arquirrival Vit\u00f3ria em 16 de outubro.<br \/> <a href=\"https:\/\/www.whatsapp.com\/channel\/0029VaoRTgrInlqYLSk59B2M\" target=\"_blank\">&gt;&gt; Siga o canal da <strong>Ag\u00eancia Brasil <\/strong>no WhatsApp<\/a><\/p>\n<p>Everton Ribeiro foi contratado pelo Bahia no in\u00edcio do ano passado, ap\u00f3s sete temporadas no Flamengo, onde conquistou 11 t\u00edtulos. Ele tamb\u00e9m passou por\u00a0Corinthians, S\u00e3o Caetano, Coritiba, Cruzeiro e Al-Ahli (Emirados \u00c1rabes).<\/p>\n","protected":false},"excerpt":{"rendered":"<p>Um dia ap\u00f3s se destacar em campo na vit\u00f3ria do Bahia sobre o Flamengo em Salvador, o meio-campista Everton Ribeiro revelou que passou por cirurgia nesta segunda-feira (6) para tratar de um c\u00e2ncer de tireoide diagnosticado h\u00e1 quase um m\u00eas. Ex-jogador do Flamengo, o atleta de 36 anos, camisa 10 do Esquadr\u00e3o de A\u00e7o, usou [&hellip;]<\/p>\n","protected":false},"author":1,"featured_media":1071,"comment_status":"open","ping_status":"open","sticky":false,"template":"","format":"standard","meta":{"footnotes":""},"categories":[17],"tags":[],"class_list":["post-1070","post","type-post","status-publish","format-standard","has-post-thumbnail","hentry","category-esportes"],"_links":{"self":[{"href":"https:\/\/newsabsoluto.com.br\/index.php?rest_route=\/wp\/v2\/posts\/1070","targetHints":{"allow":["GET"]}}],"collection":[{"href":"https:\/\/newsabsoluto.com.br\/index.php?rest_route=\/wp\/v2\/posts"}],"about":[{"href":"https:\/\/newsabsoluto.com.br\/index.php?rest_route=\/wp\/v2\/types\/post"}],"author":[{"embeddable":true,"href":"https:\/\/newsabsoluto.com.br\/index.php?rest_route=\/wp\/v2\/users\/1"}],"replies":[{"embeddable":true,"href":"https:\/\/newsabsoluto.com.br\/index.php?rest_route=%2Fwp%2Fv2%2Fcomments&post=1070"}],"version-history":[{"count":0,"href":"https:\/\/newsabsoluto.com.br\/index.php?rest_route=\/wp\/v2\/posts\/1070\/revisions"}],"wp:featuredmedia":[{"embeddable":true,"href":"https:\/\/newsabsoluto.com.br\/index.php?rest_route=\/wp\/v2\/media\/1071"}],"wp:attachment":[{"href":"https:\/\/newsabsoluto.com.br\/index.php?rest_route=%2Fwp%2Fv2%2Fmedia&parent=1070"}],"wp:term":[{"taxonomy":"category","embeddable":true,"href":"https:\/\/newsabsoluto.com.br\/index.php?rest_route=%2Fwp%2Fv2%2Fcategories&post=1070"},{"taxonomy":"post_tag","embeddable":true,"href":"https:\/\/newsabsoluto.com.br\/index.php?rest_route=%2Fwp%2Fv2%2Ftags&post=1070"}],"curies":[{"name":"wp","href":"https:\/\/api.w.org\/{rel}","templated":true}]}}