{"id":1046,"date":"2025-10-06T15:19:00","date_gmt":"2025-10-06T15:19:00","guid":{"rendered":"https:\/\/newsabsoluto.com.br\/?p=1046"},"modified":"2025-10-06T15:19:00","modified_gmt":"2025-10-06T15:19:00","slug":"lula-fala-com-trump-e-pede-fim-de-tarifaco-sobre-produtos-brasileiros","status":"publish","type":"post","link":"https:\/\/newsabsoluto.com.br\/?p=1046","title":{"rendered":"Lula fala com Trump e pede fim de tarifa\u00e7o sobre produtos brasileiros"},"content":{"rendered":"<p style=\"text-align:center\"><a class=\"\" href=\"https:\/\/agenciabrasil.ebc.com.br\/internacional\/noticia\/2025-10\/lula-conversa-com-trump-e-pede-fim-de-tarifaco-produtos-brasileiros\"> <img decoding=\"async\" src=\"https:\/\/cdn.jsdelivr.net\/gh\/sergiosdlima\/assets-ebc@1.0.0\/abr\/assets\/images\/logo-agenciabrasil.svg\" alt=\"Logo Ag\u00eancia Brasil\" style=\"height: 54px\"> <\/a><\/p>\n<p>O presidente Luiz In\u00e1cio Lula da Silva e o presidente dos Estados Unidos, Donald Trump,\u00a0 tiveram nesta segunda-feira (6) uma conversa de 30 minutos por videoconfer\u00eancia. Na oportunidade, Lula solicitou a retirada da <a href=\"https:\/\/agenciabrasil.ebc.com.br\/internacional\/noticia\/2025-07\/em-carta-lula-trump-anuncia-tarifa-de-50-produtos-brasileiros\" target=\"_blank\">sobretaxa de 50% imposta<\/a> pelo governo norte-americano a produtos brasileiros.<img decoding=\"async\" src=\"https:\/\/agenciabrasil.ebc.com.br\/ebc.png?id=1661513&amp;o=rss\" style=\"width:1px;height:1px\"><img decoding=\"async\" src=\"https:\/\/agenciabrasil.ebc.com.br\/ebc.gif?id=1661513&amp;o=rss\" style=\"width:1px;height:1px\"> <\/p>\n<p>Mais cedo, o ministro da Fazenda, Fernando Haddad, classificou a conversa entre os dois chefes de Estado como \u201cpositiva\u201d, do ponto de vista econ\u00f4mico.<\/p>\n<blockquote>\n<h3>Not\u00edcias relacionadas:<\/h3>\n<ul>\n<li><a href=\"https:\/\/agenciabrasil.ebc.com.br\/internacional\/noticia\/2025-09\/mercosul-assina-acordo-de-livre-comercio-com-quatro-paises-europeus\">Mercosul assina acordo de livre com\u00e9rcio com quatro pa\u00edses europeus.<\/a><\/li>\n<li><a href=\"https:\/\/agenciabrasil.ebc.com.br\/economia\/noticia\/2025-09\/tarifaco-novos-mercados-e-politicas-publicas-amenizaram-efeitos\">Tarifa\u00e7o: novos mercados e pol\u00edticas p\u00fablicas amenizaram efeitos.<\/a><\/li>\n<li><a href=\"https:\/\/agenciabrasil.ebc.com.br\/economia\/noticia\/2025-09\/exportacoes-de-alimentos-caem-em-agosto-por-causa-de-tarifaco-dos-eua\">Exporta\u00e7\u00f5es de alimentos caem em agosto por causa de tarifa\u00e7o dos EUA.<\/a><\/li>\n<\/ul>\n<p>\u201cEm tom amistoso, os dois l\u00edderes conversaram por 30 minutos, quando relembraram a<a href=\"https:\/\/agenciabrasil.ebc.com.br\/internacional\/noticia\/2025-09\/trump-diz-ter-quimica-com-lula-e-anuncia-encontro-bilateral\" target=\"_blank\"> boa qu\u00edmica<\/a> que tiveram em Nova York por ocasi\u00e3o da Assembleia Geral da ONU. Os dois presidentes reiteraram a impress\u00e3o positiva daquele encontro\u201d, informou o Planalto. <\/p><\/blockquote>\n<p>De acordo com o Planalto, a liga\u00e7\u00e3o telef\u00f4nica ocorreu por iniciativa de Trump. Os dois presidentes chegaram a trocar telefones para estabelecer via direta de comunica\u00e7\u00e3o.<\/p>\n<p>Na conversa, Lula disse que o contato representa uma \u201coportunidade para a restaura\u00e7\u00e3o das rela\u00e7\u00f5es amig\u00e1veis de 201 anos entre as duas maiores democracias do Ocidente\u201d.<br \/> <a href=\"https:\/\/www.whatsapp.com\/channel\/0029VaoRTgrInlqYLSk59B2M\" target=\"_blank\">&gt;&gt; Siga o canal da <strong>Ag\u00eancia Brasil <\/strong>no WhatsApp<\/a><\/p>\n<p>Ele recordou que o Brasil \u00e9 um dos tr\u00eas pa\u00edses do G20 com quem os Estados Unidos mant\u00eam super\u00e1vit na balan\u00e7a de bens e servi\u00e7os.\u00a0Na sequ\u00eancia, solicitou a retirada da sobretaxa de 50% imposta a produtos nacionais, al\u00e9m das medidas restritivas aplicadas contra autoridades brasileiras.<\/p>\n<blockquote>\n<p>\u201cO presidente Trump designou o secret\u00e1rio de Estado Marco Rubio para dar sequ\u00eancia \u00e0s negocia\u00e7\u00f5es com o vice-presidente Geraldo Alckmin, o chanceler Mauro Vieira e o ministro da Fazenda Fernando Haddad\u201d, informou o Planalto.<\/p>\n<\/blockquote>\n<p>Os dois presidentes acordaram encontrar-se pessoalmente em breve. Lula sugeriu que o encontro seja durante a C\u00fapula da Asean, na Mal\u00e1sia. Ele reiterou convite a Trump para participar da COP30, em Bel\u00e9m; e se disp\u00f4s\u00a0 tamb\u00e9m a viajar aos Estados Unidos.<\/p>\n<p><strong>Confira reportagem do Rep\u00f3rter Brasil Tarde, da TV Brasil, sobre a conversa entre os presidentes<\/strong><\/p><\/p>\n","protected":false},"excerpt":{"rendered":"<p>O presidente Luiz In\u00e1cio Lula da Silva e o presidente dos Estados Unidos, Donald Trump,\u00a0 tiveram nesta segunda-feira (6) uma conversa de 30 minutos por videoconfer\u00eancia. Na oportunidade, Lula solicitou a retirada da sobretaxa de 50% imposta pelo governo norte-americano a produtos brasileiros. Mais cedo, o ministro da Fazenda, Fernando Haddad, classificou a conversa entre [&hellip;]<\/p>\n","protected":false},"author":1,"featured_media":1047,"comment_status":"open","ping_status":"open","sticky":false,"template":"","format":"standard","meta":{"footnotes":""},"categories":[22],"tags":[],"class_list":["post-1046","post","type-post","status-publish","format-standard","has-post-thumbnail","hentry","category-internacional"],"_links":{"self":[{"href":"https:\/\/newsabsoluto.com.br\/index.php?rest_route=\/wp\/v2\/posts\/1046","targetHints":{"allow":["GET"]}}],"collection":[{"href":"https:\/\/newsabsoluto.com.br\/index.php?rest_route=\/wp\/v2\/posts"}],"about":[{"href":"https:\/\/newsabsoluto.com.br\/index.php?rest_route=\/wp\/v2\/types\/post"}],"author":[{"embeddable":true,"href":"https:\/\/newsabsoluto.com.br\/index.php?rest_route=\/wp\/v2\/users\/1"}],"replies":[{"embeddable":true,"href":"https:\/\/newsabsoluto.com.br\/index.php?rest_route=%2Fwp%2Fv2%2Fcomments&post=1046"}],"version-history":[{"count":0,"href":"https:\/\/newsabsoluto.com.br\/index.php?rest_route=\/wp\/v2\/posts\/1046\/revisions"}],"wp:featuredmedia":[{"embeddable":true,"href":"https:\/\/newsabsoluto.com.br\/index.php?rest_route=\/wp\/v2\/media\/1047"}],"wp:attachment":[{"href":"https:\/\/newsabsoluto.com.br\/index.php?rest_route=%2Fwp%2Fv2%2Fmedia&parent=1046"}],"wp:term":[{"taxonomy":"category","embeddable":true,"href":"https:\/\/newsabsoluto.com.br\/index.php?rest_route=%2Fwp%2Fv2%2Fcategories&post=1046"},{"taxonomy":"post_tag","embeddable":true,"href":"https:\/\/newsabsoluto.com.br\/index.php?rest_route=%2Fwp%2Fv2%2Ftags&post=1046"}],"curies":[{"name":"wp","href":"https:\/\/api.w.org\/{rel}","templated":true}]}}