{"id":1044,"date":"2025-10-06T18:18:00","date_gmt":"2025-10-06T18:18:00","guid":{"rendered":"https:\/\/newsabsoluto.com.br\/?p=1044"},"modified":"2025-10-06T18:18:00","modified_gmt":"2025-10-06T18:18:00","slug":"trump-diz-a-lula-que-brasil-e-eua-se-darao-bem-juntos","status":"publish","type":"post","link":"https:\/\/newsabsoluto.com.br\/?p=1044","title":{"rendered":"Trump diz a Lula que Brasil e EUA se dar\u00e3o bem juntos"},"content":{"rendered":"<p style=\"text-align:center\"><a class=\"\" href=\"https:\/\/agenciabrasil.ebc.com.br\/internacional\/noticia\/2025-10\/trump-diz-lula-que-brasil-e-eua-se-darao-bem-juntos\"> <img decoding=\"async\" src=\"https:\/\/cdn.jsdelivr.net\/gh\/sergiosdlima\/assets-ebc@1.0.0\/abr\/assets\/images\/logo-agenciabrasil.svg\" alt=\"Logo Ag\u00eancia Brasil\" style=\"height: 54px\"> <\/a><\/p>\n<p><strong>O presidente dos Estados Unidos, Donald Trump, disse ter gostado da conversa que teve na manh\u00e3 desta segunda-feira (6), por telefone, com o presidente Lu\u00eds In\u00e1cio Lula da Silva.<\/strong> \u201c<strong>Nossos pa\u00edses se dar\u00e3o muito bem juntos\u201d, postou ele em sua rede social.<\/strong><img decoding=\"async\" src=\"https:\/\/agenciabrasil.ebc.com.br\/ebc.png?id=1661531&amp;o=rss\" style=\"width:1px;height:1px\"><img decoding=\"async\" src=\"https:\/\/agenciabrasil.ebc.com.br\/ebc.gif?id=1661531&amp;o=rss\" style=\"width:1px;height:1px\"> <\/p>\n<blockquote>\n<p>\u201cEsta manh\u00e3, tive uma \u00f3tima conversa telef\u00f4nica com o presidente Lula, do Brasil. Discutimos muitos assuntos, mas o foco principal [abrange] a economia e o com\u00e9rcio entre nossos dois pa\u00edses. Teremos novas discuss\u00f5es e nos encontraremos em um futuro n\u00e3o muito distante, tanto no Brasil quanto nos Estados Unidos. Gostei da conversa \u2014 nossos pa\u00edses se dar\u00e3o muito bem juntos!\u201d, afirmou Trump.<\/p>\n<\/blockquote>\n<h3>Not\u00edcias relacionadas:<\/h3>\n<ul>\n<li><a href=\"https:\/\/agenciabrasil.ebc.com.br\/internacional\/noticia\/2025-10\/lula-conversa-com-trump-e-pede-fim-de-tarifaco-produtos-brasileiros\">Lula fala com Trump e pede fim de tarifa\u00e7o sobre produtos brasileiros.<\/a><\/li>\n<li><a href=\"https:\/\/agenciabrasil.ebc.com.br\/politica\/noticia\/2025-10\/alckmin-destaca-avancos-com-os-eua-apos-conversa-entre-lula-e-trump\">Alckmin destaca avan\u00e7os com os EUA ap\u00f3s conversa entre Lula e Trump.<\/a><\/li>\n<li><a href=\"https:\/\/agenciabrasil.ebc.com.br\/politica\/noticia\/2025-10\/lula-diz-que-nao-quer-luxo-e-que-ficara-em-barco-durante-cop30\">Lula diz que n\u00e3o quer luxo e que ficar\u00e1 em barco durante a COP30.<\/a><\/li>\n<\/ul>\n<p>O di\u00e1logo entre os dois chefes de Estado foi por videoconfer\u00eancia, e durou cerca de 30 minutos. <a href=\"https:\/\/agenciabrasil.ebc.com.br\/internacional\/noticia\/2025-10\/lula-conversa-com-trump-e-pede-fim-de-tarifaco-produtos-brasileiros\" target=\"_blank\">Na oportunidade, Lula solicitou a retirada da sobretaxa de 50% imposta pelo governo norte-americano a produtos brasileiros.<\/a> <\/p>\n<p><a href=\"https:\/\/www.whatsapp.com\/channel\/0029VaoRTgrInlqYLSk59B2M\" target=\"_blank\">&gt;&gt; Siga o canal da <strong>Ag\u00eancia Brasil <\/strong>no WhatsApp<\/a><\/p>\n<h2>Tom amistoso<\/h2>\n<blockquote>\n<p>\u201cEm tom amistoso, os dois l\u00edderes conversaram por 30 minutos, quando relembraram a boa qu\u00edmica que tiveram em Nova York por ocasi\u00e3o da Assembleia Geral da ONU [Organiza\u00e7\u00e3o das Na\u00e7\u00f5es Unidas]. Os dois presidentes reiteraram a impress\u00e3o positiva daquele encontro\u201d, informou o Pal\u00e1cio do Planalto.<\/p>\n<\/blockquote>\n<p>A liga\u00e7\u00e3o telef\u00f4nica ocorreu por iniciativa de Trump. Os dois presidentes chegaram a trocar n\u00fameros de telefones para estabelecer uma via direta de comunica\u00e7\u00e3o.<\/p>\n<p><strong>Na conversa, Lula disse que o contato representa uma \u201coportunidade para a restaura\u00e7\u00e3o das rela\u00e7\u00f5es amig\u00e1veis de 201 anos entre as duas maiores democracias do Ocidente\u201d.<\/strong><\/p>\n<h2>Sobretaxa<\/h2>\n<p>Ele recordou que o Brasil \u00e9 um dos tr\u00eas pa\u00edses do G20 com quem os Estados Unidos mant\u00eam super\u00e1vit na balan\u00e7a de bens e servi\u00e7os. Na sequ\u00eancia, solicitou a retirada da sobretaxa de 50% imposta pelos Estados Unidos a produtos nacionais, al\u00e9m das medidas restritivas aplicadas contra autoridades brasileiras.<\/p>\n<p>\u201c<strong>O presidente Trump designou o secret\u00e1rio de Estado Marco Rubio para dar sequ\u00eancia \u00e0s negocia\u00e7\u00f5es com o vice-presidente Geraldo Alckmin, o chanceler Mauro Vieira e o ministro da Fazenda Fernando Haddad\u201d, informou o Pal\u00e1cio do Planalto.<\/strong><\/p>\n<p>Os dois presidentes concordaram em se encontrar pessoalmente em breve. Lula sugeriu que a reuni\u00e3o seja durante a C\u00fapula da Asean, na Mal\u00e1sia. Ele reiterou convite a Trump para participar da COP30, em Bel\u00e9m, em novembro, e se disp\u00f4s tamb\u00e9m a viajar aos Estados Unidos.<\/p>\n","protected":false},"excerpt":{"rendered":"<p>O presidente dos Estados Unidos, Donald Trump, disse ter gostado da conversa que teve na manh\u00e3 desta segunda-feira (6), por telefone, com o presidente Lu\u00eds In\u00e1cio Lula da Silva. \u201cNossos pa\u00edses se dar\u00e3o muito bem juntos\u201d, postou ele em sua rede social. \u201cEsta manh\u00e3, tive uma \u00f3tima conversa telef\u00f4nica com o presidente Lula, do Brasil. [&hellip;]<\/p>\n","protected":false},"author":1,"featured_media":1045,"comment_status":"open","ping_status":"open","sticky":false,"template":"","format":"standard","meta":{"footnotes":""},"categories":[22],"tags":[],"class_list":["post-1044","post","type-post","status-publish","format-standard","has-post-thumbnail","hentry","category-internacional"],"_links":{"self":[{"href":"https:\/\/newsabsoluto.com.br\/index.php?rest_route=\/wp\/v2\/posts\/1044","targetHints":{"allow":["GET"]}}],"collection":[{"href":"https:\/\/newsabsoluto.com.br\/index.php?rest_route=\/wp\/v2\/posts"}],"about":[{"href":"https:\/\/newsabsoluto.com.br\/index.php?rest_route=\/wp\/v2\/types\/post"}],"author":[{"embeddable":true,"href":"https:\/\/newsabsoluto.com.br\/index.php?rest_route=\/wp\/v2\/users\/1"}],"replies":[{"embeddable":true,"href":"https:\/\/newsabsoluto.com.br\/index.php?rest_route=%2Fwp%2Fv2%2Fcomments&post=1044"}],"version-history":[{"count":0,"href":"https:\/\/newsabsoluto.com.br\/index.php?rest_route=\/wp\/v2\/posts\/1044\/revisions"}],"wp:featuredmedia":[{"embeddable":true,"href":"https:\/\/newsabsoluto.com.br\/index.php?rest_route=\/wp\/v2\/media\/1045"}],"wp:attachment":[{"href":"https:\/\/newsabsoluto.com.br\/index.php?rest_route=%2Fwp%2Fv2%2Fmedia&parent=1044"}],"wp:term":[{"taxonomy":"category","embeddable":true,"href":"https:\/\/newsabsoluto.com.br\/index.php?rest_route=%2Fwp%2Fv2%2Fcategories&post=1044"},{"taxonomy":"post_tag","embeddable":true,"href":"https:\/\/newsabsoluto.com.br\/index.php?rest_route=%2Fwp%2Fv2%2Ftags&post=1044"}],"curies":[{"name":"wp","href":"https:\/\/api.w.org\/{rel}","templated":true}]}}