{"id":1042,"date":"2025-10-06T18:39:00","date_gmt":"2025-10-06T18:39:00","guid":{"rendered":"https:\/\/newsabsoluto.com.br\/?p=1042"},"modified":"2025-10-06T18:39:00","modified_gmt":"2025-10-06T18:39:00","slug":"estamos-muito-otimistas-diz-alckmin-apos-conversa-de-lula-e-trump","status":"publish","type":"post","link":"https:\/\/newsabsoluto.com.br\/?p=1042","title":{"rendered":"\u201cEstamos muito otimistas\u201d, diz Alckmin ap\u00f3s conversa de Lula e Trump"},"content":{"rendered":"<p style=\"text-align:center\"><a class=\"\" href=\"https:\/\/agenciabrasil.ebc.com.br\/politica\/noticia\/2025-10\/estamos-muito-otimistas-diz-alckmin-apos-conversa-de-lula-e-trump\"> <img decoding=\"async\" src=\"https:\/\/cdn.jsdelivr.net\/gh\/sergiosdlima\/assets-ebc@1.0.0\/abr\/assets\/images\/logo-agenciabrasil.svg\" alt=\"Logo Ag\u00eancia Brasil\" style=\"height: 54px\"> <\/a><\/p>\n<p><strong>O vice-presidente Geraldo Alckmin qualificou a <a href=\"https:\/\/agenciabrasil.ebc.com.br\/internacional\/noticia\/2025-10\/lula-conversa-com-trump-e-pede-fim-de-tarifaco-produtos-brasileiros\" target=\"_blank\">conversa de 30 minutos<\/a> entre os presidentes Luiz In\u00e1cio Lula da Silva e Donald Trump, nesta segunda (6), como \u201cmuito positiva\u201d<\/strong>.<img decoding=\"async\" src=\"https:\/\/agenciabrasil.ebc.com.br\/ebc.png?id=1661551&amp;o=rss\" style=\"width:1px;height:1px\"><img decoding=\"async\" src=\"https:\/\/agenciabrasil.ebc.com.br\/ebc.gif?id=1661551&amp;o=rss\" style=\"width:1px;height:1px\"> <\/p>\n<blockquote>\n<p>\u201cEstamos muito otimistas que a gente vai avan\u00e7ar. O presidente Lula destacou a disposi\u00e7\u00e3o do Brasil para o di\u00e1logo e para a negocia\u00e7\u00e3o\u201d, afirmou Alckmin, que tamb\u00e9m \u00e9 ministro do Desenvolvimento, Ind\u00fastria, Com\u00e9rcio e Servi\u00e7os.<\/p>\n<\/blockquote>\n<h3>Not\u00edcias relacionadas:<\/h3>\n<ul>\n<li><a href=\"https:\/\/agenciabrasil.ebc.com.br\/internacional\/noticia\/2025-10\/trump-diz-lula-que-brasil-e-eua-se-darao-bem-juntos\">Trump diz a Lula que Brasil e EUA se dar\u00e3o bem juntos.<\/a><\/li>\n<li><a href=\"https:\/\/agenciabrasil.ebc.com.br\/internacional\/noticia\/2025-10\/lula-conversa-com-trump-e-pede-fim-de-tarifaco-produtos-brasileiros\">Lula fala com Trump e pede fim de tarifa\u00e7o sobre produtos brasileiros.<\/a><\/li>\n<\/ul>\n<p>Aos jornalistas, Alckmin disse que o governo considerou a conversa \u201cmelhor at\u00e9 do que esper\u00e1vamos\u201d. <strong>Para ele, o di\u00e1logo render\u00e1 desdobramentos. Ele ratificou que Lula e Trump trocaram os n\u00fameros de\u00a0telefones pessoais e que o norte-americano designou o secret\u00e1rio de Estado, Marco Rubio como o interlocutor.\u00a0<\/strong> <\/p>\n<p><a href=\"https:\/\/www.whatsapp.com\/channel\/0029VaoRTgrInlqYLSk59B2M\" target=\"_blank\">&gt;&gt; Siga o canal da <strong>Ag\u00eancia Brasil <\/strong>no WhatsApp<\/a><\/p>\n<h2>Ganha-ganha<\/h2>\n<p>Em rela\u00e7\u00e3o \u00e0s tarifas impostas pelo governo norte-americano sobre as exporta\u00e7\u00f5es de produtos brasileiros, Alckmin entende que a conversa render\u00e1 pr\u00f3ximos passos, mas disse que \u00e9 necess\u00e1rio \u201caguardar\u201d.<\/p>\n<p>Na conversa, segundo Alckmin, Lula disse que as san\u00e7\u00f5es contra autoridades brasileiras n\u00e3o s\u00e3o justas e que o tema deveria ser rediscutido. \u201cN\u00f3s somos muito otimistas que vamos avan\u00e7ar para o ganha-ganha, nessa rela\u00e7\u00e3o com investimentos rec\u00edprocos e equacionamento da quest\u00e3o tarif\u00e1ria\u201d, acrescentou.\u00a0<\/p>\n<p>Alckmin disse que n\u00e3o est\u00e1 agendada uma nova reuni\u00e3o entre os representantes dos governos do Brasil e dos Estados Unidos.\u00a0<\/p>\n","protected":false},"excerpt":{"rendered":"<p>O vice-presidente Geraldo Alckmin qualificou a conversa de 30 minutos entre os presidentes Luiz In\u00e1cio Lula da Silva e Donald Trump, nesta segunda (6), como \u201cmuito positiva\u201d. \u201cEstamos muito otimistas que a gente vai avan\u00e7ar. O presidente Lula destacou a disposi\u00e7\u00e3o do Brasil para o di\u00e1logo e para a negocia\u00e7\u00e3o\u201d, afirmou Alckmin, que tamb\u00e9m \u00e9 [&hellip;]<\/p>\n","protected":false},"author":1,"featured_media":1043,"comment_status":"open","ping_status":"open","sticky":false,"template":"","format":"standard","meta":{"footnotes":""},"categories":[12],"tags":[],"class_list":["post-1042","post","type-post","status-publish","format-standard","has-post-thumbnail","hentry","category-politica"],"_links":{"self":[{"href":"https:\/\/newsabsoluto.com.br\/index.php?rest_route=\/wp\/v2\/posts\/1042","targetHints":{"allow":["GET"]}}],"collection":[{"href":"https:\/\/newsabsoluto.com.br\/index.php?rest_route=\/wp\/v2\/posts"}],"about":[{"href":"https:\/\/newsabsoluto.com.br\/index.php?rest_route=\/wp\/v2\/types\/post"}],"author":[{"embeddable":true,"href":"https:\/\/newsabsoluto.com.br\/index.php?rest_route=\/wp\/v2\/users\/1"}],"replies":[{"embeddable":true,"href":"https:\/\/newsabsoluto.com.br\/index.php?rest_route=%2Fwp%2Fv2%2Fcomments&post=1042"}],"version-history":[{"count":0,"href":"https:\/\/newsabsoluto.com.br\/index.php?rest_route=\/wp\/v2\/posts\/1042\/revisions"}],"wp:featuredmedia":[{"embeddable":true,"href":"https:\/\/newsabsoluto.com.br\/index.php?rest_route=\/wp\/v2\/media\/1043"}],"wp:attachment":[{"href":"https:\/\/newsabsoluto.com.br\/index.php?rest_route=%2Fwp%2Fv2%2Fmedia&parent=1042"}],"wp:term":[{"taxonomy":"category","embeddable":true,"href":"https:\/\/newsabsoluto.com.br\/index.php?rest_route=%2Fwp%2Fv2%2Fcategories&post=1042"},{"taxonomy":"post_tag","embeddable":true,"href":"https:\/\/newsabsoluto.com.br\/index.php?rest_route=%2Fwp%2Fv2%2Ftags&post=1042"}],"curies":[{"name":"wp","href":"https:\/\/api.w.org\/{rel}","templated":true}]}}