{"id":1032,"date":"2025-10-05T20:09:00","date_gmt":"2025-10-05T20:09:00","guid":{"rendered":"https:\/\/newsabsoluto.com.br\/?p=1032"},"modified":"2025-10-05T20:09:00","modified_gmt":"2025-10-05T20:09:00","slug":"ato-pede-libertacao-de-ativistas-de-flotilha-e-medidas-duras-do-brasil","status":"publish","type":"post","link":"https:\/\/newsabsoluto.com.br\/?p=1032","title":{"rendered":"Ato pede liberta\u00e7\u00e3o de ativistas de flotilha e medidas duras do Brasil"},"content":{"rendered":"<p style=\"text-align:center\"><a class=\"\" href=\"https:\/\/agenciabrasil.ebc.com.br\/internacional\/noticia\/2025-10\/ato-pede-libertacao-de-ativistas-de-flotilha-e-medidas-duras-do-brasil\"> <img decoding=\"async\" src=\"https:\/\/cdn.jsdelivr.net\/gh\/sergiosdlima\/assets-ebc@1.0.0\/abr\/assets\/images\/logo-agenciabrasil.svg\" alt=\"Logo Ag\u00eancia Brasil\" style=\"height: 54px\"> <\/a><\/p>\n<p>Em mais um ato pr\u00f3-palestina no centro de S\u00e3o Paulo, alguns milhares de manifestantes demonstraram solidariedade aos ativistas presos nesta semana por Israel enquanto tentavam romper o bloqueio naval imposto \u00e0 regi\u00e3o da Faixa de Gaza.<img decoding=\"async\" src=\"https:\/\/agenciabrasil.ebc.com.br\/ebc.png?id=1661457&amp;o=rss\" style=\"width:1px;height:1px\"><img decoding=\"async\" src=\"https:\/\/agenciabrasil.ebc.com.br\/ebc.gif?id=1661457&amp;o=rss\" style=\"width:1px;height:1px\"> <\/p>\n<p>Eles ainda denunciaram a postura violenta da marinha israelense e pediram um posicionamento mais firme do governo brasileiro para garantir a seguran\u00e7a dos <a href=\"https:\/\/agenciabrasil.ebc.com.br\/internacional\/noticia\/2025-10\/flotilha-global-sumud-onze-brasileiros-sao-capturados-por-israel\" target=\"_blank\">11\u00a0nacionais<\/a> entre as centenas de ativistas detidos.<\/p>\n<h3>Not\u00edcias relacionadas:<\/h3>\n<ul>\n<li><a href=\"https:\/\/agenciabrasil.ebc.com.br\/internacional\/noticia\/2025-10\/manifestacoes-pro-palestina-reuniram-milhares-de-pessoas-no-mundo\">Manifesta\u00e7\u00f5es pr\u00f3-Palestina reuniram milhares de pessoas no mundo.<\/a><\/li>\n<li><a href=\"https:\/\/agenciabrasil.ebc.com.br\/internacional\/noticia\/2025-10\/italia-acorda-em-greve-geral-e-com-manifestacoes-contra-israel\">It\u00e1lia acorda em greve geral e com manifesta\u00e7\u00f5es contra Israel .<\/a><\/li>\n<\/ul>\n<p>&#8220;O principal motivo de a gente estar aqui hoje \u00e9 pela luta pela liberdade e pelo fim do genoc\u00eddio que acontece na Palestina. Tamb\u00e9m para demonstrar nossa solidariedade \u00e0 flotilha, que foi sequestrada pelo estado de Israel em \u00e1reas de \u00e1guas internacionais&#8221;, disse Ziad Saifi, 51 anos, comerciante de origem libanesa. <\/p>\n<p>&#8220;Israel cometeu outro crime e deve ser julgado tamb\u00e9m por isso, e \u00e9 por isso que a gente est\u00e1 aqui hoje lutando e gritando em alto e bom som&#8221;, disse ele, ao participar do protesto para chamar a aten\u00e7\u00e3o ao preconceito que o ocidente tem com o mundo \u00e1rabe, \u00e0 persegui\u00e7\u00e3o de isl\u00e2micos e contra o genoc\u00eddio do povo palestino.<\/p>\n<p>Concentrados desde o final da manh\u00e3 na Avenida Paulista, os manifestantes se deslocaram em caminhada rumo \u00e0 Pra\u00e7a Roosevelt, tamb\u00e9m no centro.<\/p>\n<p>Bastante heterog\u00eaneo, o grupo contou com representantes de partidos pol\u00edticos e sindicatos, brasileiros de origem \u00e1rabe e organiza\u00e7\u00f5es estudantis.<\/p>\n<p>&#8220;Trazemos a exig\u00eancia que o governo brasileiro, o governo Lula, rompa rela\u00e7\u00f5es diplom\u00e1ticas e comerciais com o Estado de Israel&#8221;, defendeu o jornalista Bernardo Cerdeira, 70 anos.<\/p>\n<p>&#8220;\u00c9 um absurdo que o governo brasileiro continue exportando petr\u00f3leo e a\u00e7o para um Estado assassino, genocida, e a \u00fanica possibilidade de paz no Oriente M\u00e9dio \u00e9 que esse Estado que usa m\u00e9todos, inclusive, nazistas seja eliminado e que exista uma Palestina livre do rio ao mar, como \u00e9 a reivindica\u00e7\u00e3o de praticamente 100% dos manifestantes aqui presentes&#8221;, avaliou.<\/p>\n<p>Lembrando do hist\u00f3rico das interven\u00e7\u00f5es sionistas em territ\u00f3rios palestinos e de outros povos de origem \u00e1rabe e persa na regi\u00e3o, os militantes trouxeram a mem\u00f3ria de Yasser Arafat, citada em car\u00e1ter de igualdade \u00e0s lideran\u00e7as atuais e aos participantes da Flotilha.<\/p>\n<p>Arafat foi l\u00edder da Autoridade Palestina e chegou a receber o Pr\u00eamio Nobel da Paz, por seus esfor\u00e7os em busca da paz no conflito no Oriente M\u00e9dio.<\/p>\n<p>Ele morreu em 2004, antes mesmo de parte dos jovens presentes na manifesta\u00e7\u00e3o deste domingo terem nascido. \u00c9 o caso de Sol, de 19 anos. Ele tem comparecido aos protestos desde o ano passado e caminhava para protestar contra o genoc\u00eddio do povo palestino, contra o apartheid e contra o regime neocolonialista de Israel.<\/p>\n<p>&#8220;A gente est\u00e1 aqui porque o povo palestino, n\u00e3o s\u00f3 pelo genoc\u00eddio deles, mas porque o povo palestino representa a resist\u00eancia anticolonial do mundo inteiro.&#8221;\u00a0<\/p>\n<h2>Flotilha Global Sumud<\/h2>\n<p>A Flotilha Global Sumud reuniu cerca de 50 embarca\u00e7\u00f5es que carregavam 461 ativistas de diversas partes do mundo com doa\u00e7\u00f5es de alimentos e rem\u00e9dios para o litoral da Faixa de Gaza.<\/p>\n<p>A inten\u00e7\u00e3o da mobiliza\u00e7\u00e3o \u00e9 diminuir o impacto do bloqueio israelense \u00e0 regi\u00e3o, que tem levado a mortes por inani\u00e7\u00e3o e a surtos de doen\u00e7as ligadas \u00e0 higiene b\u00e1sica e \u00e0s condi\u00e7\u00f5es de vida.<\/p>\n<p>Todos os barcos foram interceptados e seus tripulantes presos, desde a \u00faltima quarta-feira, ainda fora das \u00e1guas territoriais israelenses, com uso de equipamentos e tropas da marinha e for\u00e7a a\u00e9rea de Israel.<\/p>\n<p>Entre as den\u00fancias nesta abordagem uma das que tem chocado o mundo \u00e9 a de viol\u00eancia n\u00e3o justificada, como teria alegadamente ocorrido \u00e0 ativista norueguesa Greta Thunberg. Ela teria sido arrastada e espancada, \u00e0 vista dos demais militantes, como uma esp\u00e9cie de &#8220;exemplo&#8221;.\u00a0<\/p>\n<p>&#8220;Temos de participar e defender os nossos ativistas, assim como as v\u00edtimas desse genoc\u00eddio&#8221;, conclamou a professora aposentada Marta da Silva Mendes, 68 anos, que acompanha o tema h\u00e1 anos por solidariedade.<\/p>\n<h2>Brasileiros na flotilha<\/h2>\n<p>Dentre os mais de 400 ativistas detidos, onze s\u00e3o brasileiros. Para o Itamaraty, a intercepta\u00e7\u00e3o fere direito internacional de liberdade de navega\u00e7\u00e3o, previsto por conven\u00e7\u00e3o das Na\u00e7\u00f5es Unidas, al\u00e9m da &#8220;deten\u00e7\u00e3o ilegal de ativistas pac\u00edficos&#8221;.\u00a0\u00a0<\/p>\n<p>Em nota na \u00faltima quinta-feira (2), o Minist\u00e9rio das Rela\u00e7\u00f5es Exteriores <a href=\"https:\/\/agenciabrasil.ebc.com.br\/internacional\/noticia\/2025-10\/brasil-cobra-de-israel-libertacao-de-brasileiros-detidos-em-flotilha\" target=\"_blank\">cobrou a libera\u00e7\u00e3o dos brasileiros detidos<\/a>.<br \/> O Brasil defende que Israel &#8220;dever\u00e1 ser responsabilizado por quaisquer atos ilegais e violentos cometidos contra a Flotilha e contra os ativistas pac\u00edficos que dela participam e dever\u00e1 assegurar sua seguran\u00e7a, bem-estar e integridade f\u00edsica enquanto permanecerem sob a cust\u00f3dia de autoridades israelenses&#8221;.<br \/> \u00a0<\/p>\n<div class=\"dnd-widget-wrapper context-cheio_8colunas type-gallery\">\n<div class=\"dnd-atom-rendered\"><!-- scald=439431:cheio_8colunas --><\/p>\n<div class=\"scald-gallery scald-gallery-439431\" style=\"width: 100%;height: 390px\"> <a href=\"https:\/\/imagens.ebc.com.br\/t4Zqiil0OcQ_z1P7JBgen0383YE=\/754x0\/smart\/https:\/\/agenciabrasil.ebc.com.br\/sites\/default\/files\/thumbnails\/image\/2025\/10\/05\/0g0a2818.jpg?itok=rmmAszE7\"><img decoding=\"async\" data-title=\"Ato pelo fim do genoc\u00eddio palestino na Paulista\" data-big=\"https:\/\/imagens.ebc.com.br\/saUOjGpSlwPY2dqFv8dPXjpbFEY=\/1024x768\/https:\/\/agenciabrasil.ebc.com.br\/sites\/default\/files\/thumbnails\/image\/2025\/10\/05\/0g0a2818.jpg?itok=iRJ1hflT\" data-authors=\"Rovena Rosa\/Ag\u00eancia Brasil\" data-description=\"\" data-echo=\"https:\/\/imagens.ebc.com.br\/qnE59ZOftiP6i3eWSKgEDTvbtkQ=\/48x0\/smart\/https:\/\/agenciabrasil.ebc.com.br\/sites\/default\/files\/thumbnails\/image\/2025\/10\/05\/0g0a2818.jpg?itok=KNgJ7XY6\" data-icon=\"\" src=\"\/sites\/default\/files\/thumbnails\/image\/loading_v2.gif\" alt=\"\" title=\"\"><img decoding=\"async\" data-title=\"Ato pelo fim do genoc\u00eddio palestino na Paulista\" data-big=\"https:\/\/imagens.ebc.com.br\/saUOjGpSlwPY2dqFv8dPXjpbFEY=\/1024x768\/https:\/\/agenciabrasil.ebc.com.br\/sites\/default\/files\/thumbnails\/image\/2025\/10\/05\/0g0a2818.jpg?itok=iRJ1hflT\" data-authors=\"Rovena Rosa\/Ag\u00eancia Brasil\" data-description=\"\" src=\"https:\/\/imagens.ebc.com.br\/qnE59ZOftiP6i3eWSKgEDTvbtkQ=\/48x0\/smart\/https:\/\/agenciabrasil.ebc.com.br\/sites\/default\/files\/thumbnails\/image\/2025\/10\/05\/0g0a2818.jpg?itok=KNgJ7XY6\" alt=\"\" title=\"\"><\/a> <a href=\"https:\/\/imagens.ebc.com.br\/kzknloXUVLlJ-3hNlMi4mktYWDI=\/754x0\/smart\/https:\/\/agenciabrasil.ebc.com.br\/sites\/default\/files\/thumbnails\/image\/2025\/10\/05\/0g0a2802.jpg?itok=4I5AMVWK\"><img decoding=\"async\" data-title=\"Ato pelo fim do genoc\u00eddio palestino na Paulista\" data-big=\"https:\/\/imagens.ebc.com.br\/J9K-osGsSe4wjoxEYwET5QJWiB4=\/1024x768\/https:\/\/agenciabrasil.ebc.com.br\/sites\/default\/files\/thumbnails\/image\/2025\/10\/05\/0g0a2802.jpg?itok=xY6n1rT2\" data-authors=\"Rovena Rosa\/Ag\u00eancia Brasil\" data-description=\"\" data-echo=\"https:\/\/imagens.ebc.com.br\/36WIFn5BwA5H6yoZ3IHzYlnswdM=\/48x0\/smart\/https:\/\/agenciabrasil.ebc.com.br\/sites\/default\/files\/thumbnails\/image\/2025\/10\/05\/0g0a2802.jpg?itok=vCDUjaLR\" data-icon=\"\" src=\"\/sites\/default\/files\/thumbnails\/image\/loading_v2.gif\" alt=\"\" title=\"\"><img decoding=\"async\" data-title=\"Ato pelo fim do genoc\u00eddio palestino na Paulista\" data-big=\"https:\/\/imagens.ebc.com.br\/J9K-osGsSe4wjoxEYwET5QJWiB4=\/1024x768\/https:\/\/agenciabrasil.ebc.com.br\/sites\/default\/files\/thumbnails\/image\/2025\/10\/05\/0g0a2802.jpg?itok=xY6n1rT2\" data-authors=\"Rovena Rosa\/Ag\u00eancia Brasil\" data-description=\"\" src=\"https:\/\/imagens.ebc.com.br\/36WIFn5BwA5H6yoZ3IHzYlnswdM=\/48x0\/smart\/https:\/\/agenciabrasil.ebc.com.br\/sites\/default\/files\/thumbnails\/image\/2025\/10\/05\/0g0a2802.jpg?itok=vCDUjaLR\" alt=\"\" title=\"\"><\/a> <a href=\"https:\/\/imagens.ebc.com.br\/Vd-ISFNKKxO6OGViPFD-fYQ-GV4=\/754x0\/smart\/https:\/\/agenciabrasil.ebc.com.br\/sites\/default\/files\/thumbnails\/image\/2025\/10\/05\/0g0a2800.jpg?itok=aYpHzqqK\"><img decoding=\"async\" data-title=\"Ato pelo fim do genoc\u00eddio palestino na Paulista\" data-big=\"https:\/\/imagens.ebc.com.br\/k0uzzizC3E2iLYNkTtQ9m2FKOwQ=\/1024x768\/https:\/\/agenciabrasil.ebc.com.br\/sites\/default\/files\/thumbnails\/image\/2025\/10\/05\/0g0a2800.jpg?itok=fzRoXk-j\" data-authors=\"Rovena Rosa\/Ag\u00eancia Brasil\" data-description=\"\" data-echo=\"https:\/\/imagens.ebc.com.br\/a45oTET5xoQQcOxBqNE4LbEH9_c=\/48x0\/smart\/https:\/\/agenciabrasil.ebc.com.br\/sites\/default\/files\/thumbnails\/image\/2025\/10\/05\/0g0a2800.jpg?itok=nnKRpaos\" data-icon=\"\" src=\"\/sites\/default\/files\/thumbnails\/image\/loading_v2.gif\" alt=\"\" title=\"\"><img decoding=\"async\" data-title=\"Ato pelo fim do genoc\u00eddio palestino na Paulista\" data-big=\"https:\/\/imagens.ebc.com.br\/k0uzzizC3E2iLYNkTtQ9m2FKOwQ=\/1024x768\/https:\/\/agenciabrasil.ebc.com.br\/sites\/default\/files\/thumbnails\/image\/2025\/10\/05\/0g0a2800.jpg?itok=fzRoXk-j\" data-authors=\"Rovena Rosa\/Ag\u00eancia Brasil\" data-description=\"\" src=\"https:\/\/imagens.ebc.com.br\/a45oTET5xoQQcOxBqNE4LbEH9_c=\/48x0\/smart\/https:\/\/agenciabrasil.ebc.com.br\/sites\/default\/files\/thumbnails\/image\/2025\/10\/05\/0g0a2800.jpg?itok=nnKRpaos\" alt=\"\" title=\"\"><\/a> <a href=\"https:\/\/imagens.ebc.com.br\/ZYbMsDh8YZkAn8M5IvEv5tj8d9Y=\/754x0\/smart\/https:\/\/agenciabrasil.ebc.com.br\/sites\/default\/files\/thumbnails\/image\/2025\/10\/05\/0g0a2800a.jpg?itok=Sl8ceDBh\"><img decoding=\"async\" data-title=\"Ato pelo fim do genoc\u00eddio palestino na Paulista\" data-big=\"https:\/\/imagens.ebc.com.br\/9yCNPKF3eXTDLNU70l3srSFiOqw=\/1024x768\/https:\/\/agenciabrasil.ebc.com.br\/sites\/default\/files\/thumbnails\/image\/2025\/10\/05\/0g0a2800a.jpg?itok=vLPUgwX3\" data-authors=\"Rovena Rosa\/Ag\u00eancia Brasil\" data-description=\"\" data-echo=\"https:\/\/imagens.ebc.com.br\/OaYTP4HbyNWgH-Z5EkpE2Zasrug=\/48x0\/smart\/https:\/\/agenciabrasil.ebc.com.br\/sites\/default\/files\/thumbnails\/image\/2025\/10\/05\/0g0a2800a.jpg?itok=5O1WcBnh\" data-icon=\"\" src=\"\/sites\/default\/files\/thumbnails\/image\/loading_v2.gif\" alt=\"\" title=\"\"><img decoding=\"async\" data-title=\"Ato pelo fim do genoc\u00eddio palestino na Paulista\" data-big=\"https:\/\/imagens.ebc.com.br\/9yCNPKF3eXTDLNU70l3srSFiOqw=\/1024x768\/https:\/\/agenciabrasil.ebc.com.br\/sites\/default\/files\/thumbnails\/image\/2025\/10\/05\/0g0a2800a.jpg?itok=vLPUgwX3\" data-authors=\"Rovena Rosa\/Ag\u00eancia Brasil\" data-description=\"\" src=\"https:\/\/imagens.ebc.com.br\/OaYTP4HbyNWgH-Z5EkpE2Zasrug=\/48x0\/smart\/https:\/\/agenciabrasil.ebc.com.br\/sites\/default\/files\/thumbnails\/image\/2025\/10\/05\/0g0a2800a.jpg?itok=5O1WcBnh\" alt=\"\" title=\"\"><\/a> <a href=\"https:\/\/imagens.ebc.com.br\/3LY2oQ0f85Xc6Qxk_E9Tz9buzto=\/754x0\/smart\/https:\/\/agenciabrasil.ebc.com.br\/sites\/default\/files\/thumbnails\/image\/2025\/10\/05\/0g0a2779.jpg?itok=yWwfbbS8\"><img decoding=\"async\" data-title=\"Ato pelo fim do genoc\u00eddio palestino na Paulista\" data-big=\"https:\/\/imagens.ebc.com.br\/m4Ed5VjWYTbVFx3pdNAJq6IU2-o=\/1024x768\/https:\/\/agenciabrasil.ebc.com.br\/sites\/default\/files\/thumbnails\/image\/2025\/10\/05\/0g0a2779.jpg?itok=ZE6G-Bp5\" data-authors=\"Rovena Rosa\/Ag\u00eancia Brasil\" data-description=\"\" data-echo=\"https:\/\/imagens.ebc.com.br\/rdiSv_FZx6HE301DSGn32oUIZgs=\/48x0\/smart\/https:\/\/agenciabrasil.ebc.com.br\/sites\/default\/files\/thumbnails\/image\/2025\/10\/05\/0g0a2779.jpg?itok=MX3JPP3y\" data-icon=\"\" src=\"\/sites\/default\/files\/thumbnails\/image\/loading_v2.gif\" alt=\"\" title=\"\"><img decoding=\"async\" data-title=\"Ato pelo fim do genoc\u00eddio palestino na Paulista\" data-big=\"https:\/\/imagens.ebc.com.br\/m4Ed5VjWYTbVFx3pdNAJq6IU2-o=\/1024x768\/https:\/\/agenciabrasil.ebc.com.br\/sites\/default\/files\/thumbnails\/image\/2025\/10\/05\/0g0a2779.jpg?itok=ZE6G-Bp5\" data-authors=\"Rovena Rosa\/Ag\u00eancia Brasil\" data-description=\"\" src=\"https:\/\/imagens.ebc.com.br\/rdiSv_FZx6HE301DSGn32oUIZgs=\/48x0\/smart\/https:\/\/agenciabrasil.ebc.com.br\/sites\/default\/files\/thumbnails\/image\/2025\/10\/05\/0g0a2779.jpg?itok=MX3JPP3y\" alt=\"\" title=\"\"><\/a> <a href=\"https:\/\/imagens.ebc.com.br\/kTaALvifvcMPLb9zNbWN_ALfc2k=\/754x0\/smart\/https:\/\/agenciabrasil.ebc.com.br\/sites\/default\/files\/thumbnails\/image\/2025\/10\/05\/0g0a2862.jpg?itok=Nkj3Aseu\"><img decoding=\"async\" data-title=\"Ato pelo fim do genoc\u00eddio palestino na Paulista\" data-big=\"https:\/\/imagens.ebc.com.br\/nreBVBNJvOC8o9Jwc_awJOAhHtg=\/1024x768\/https:\/\/agenciabrasil.ebc.com.br\/sites\/default\/files\/thumbnails\/image\/2025\/10\/05\/0g0a2862.jpg?itok=mmvMFgvy\" data-authors=\"Rovena Rosa\/Ag\u00eancia Brasil\" data-description=\"\" data-echo=\"https:\/\/imagens.ebc.com.br\/9zLe8ZO8C9byzPKFCj0alhdLHII=\/48x0\/smart\/https:\/\/agenciabrasil.ebc.com.br\/sites\/default\/files\/thumbnails\/image\/2025\/10\/05\/0g0a2862.jpg?itok=C_Pk-nr7\" data-icon=\"\" src=\"\/sites\/default\/files\/thumbnails\/image\/loading_v2.gif\" alt=\"\" title=\"\"><img decoding=\"async\" data-title=\"Ato pelo fim do genoc\u00eddio palestino na Paulista\" data-big=\"https:\/\/imagens.ebc.com.br\/nreBVBNJvOC8o9Jwc_awJOAhHtg=\/1024x768\/https:\/\/agenciabrasil.ebc.com.br\/sites\/default\/files\/thumbnails\/image\/2025\/10\/05\/0g0a2862.jpg?itok=mmvMFgvy\" data-authors=\"Rovena Rosa\/Ag\u00eancia Brasil\" data-description=\"\" src=\"https:\/\/imagens.ebc.com.br\/9zLe8ZO8C9byzPKFCj0alhdLHII=\/48x0\/smart\/https:\/\/agenciabrasil.ebc.com.br\/sites\/default\/files\/thumbnails\/image\/2025\/10\/05\/0g0a2862.jpg?itok=C_Pk-nr7\" alt=\"\" title=\"\"><\/a> <a href=\"https:\/\/imagens.ebc.com.br\/KIDgwBSH49ZFyuRurTafVP_csGU=\/754x0\/smart\/https:\/\/agenciabrasil.ebc.com.br\/sites\/default\/files\/thumbnails\/image\/2025\/10\/05\/0g0a2851.jpg?itok=BktN2kpn\"><img decoding=\"async\" data-title=\"Ato pelo fim do genoc\u00eddio palestino na Paulista\" data-big=\"https:\/\/imagens.ebc.com.br\/_dCtxMqHC_soSUuY61u6xqTCcAg=\/1024x768\/https:\/\/agenciabrasil.ebc.com.br\/sites\/default\/files\/thumbnails\/image\/2025\/10\/05\/0g0a2851.jpg?itok=KcTfvbLa\" data-authors=\"Rovena Rosa\/Ag\u00eancia Brasil\" data-description=\"\" data-echo=\"https:\/\/imagens.ebc.com.br\/oqlkJ9YYRTgBVtG-YlTmrgbGBWM=\/48x0\/smart\/https:\/\/agenciabrasil.ebc.com.br\/sites\/default\/files\/thumbnails\/image\/2025\/10\/05\/0g0a2851.jpg?itok=QzuqfGZC\" data-icon=\"\" src=\"\/sites\/default\/files\/thumbnails\/image\/loading_v2.gif\" alt=\"\" title=\"\"><img decoding=\"async\" data-title=\"Ato pelo fim do genoc\u00eddio palestino na Paulista\" data-big=\"https:\/\/imagens.ebc.com.br\/_dCtxMqHC_soSUuY61u6xqTCcAg=\/1024x768\/https:\/\/agenciabrasil.ebc.com.br\/sites\/default\/files\/thumbnails\/image\/2025\/10\/05\/0g0a2851.jpg?itok=KcTfvbLa\" data-authors=\"Rovena Rosa\/Ag\u00eancia Brasil\" data-description=\"\" src=\"https:\/\/imagens.ebc.com.br\/oqlkJ9YYRTgBVtG-YlTmrgbGBWM=\/48x0\/smart\/https:\/\/agenciabrasil.ebc.com.br\/sites\/default\/files\/thumbnails\/image\/2025\/10\/05\/0g0a2851.jpg?itok=QzuqfGZC\" alt=\"\" title=\"\"><\/a> <a href=\"https:\/\/imagens.ebc.com.br\/Swa-Cz0xZEyPvt_SGAtVD_D3mWM=\/754x0\/smart\/https:\/\/agenciabrasil.ebc.com.br\/sites\/default\/files\/thumbnails\/image\/2025\/10\/05\/0g0a3029.jpg?itok=7KWOxdLm\"><img decoding=\"async\" data-title=\"Ato pelo fim do genoc\u00eddio palestino na Paulista\" data-big=\"https:\/\/imagens.ebc.com.br\/zB_wtazKsYO3vjZe79HZdgrAkpo=\/1024x768\/https:\/\/agenciabrasil.ebc.com.br\/sites\/default\/files\/thumbnails\/image\/2025\/10\/05\/0g0a3029.jpg?itok=3tUcBRXp\" data-authors=\"Rovena Rosa\/Ag\u00eancia Brasil\" data-description=\"\" data-echo=\"https:\/\/imagens.ebc.com.br\/NMKb4aDGEE21TqO-s_UfIYanmrA=\/48x0\/smart\/https:\/\/agenciabrasil.ebc.com.br\/sites\/default\/files\/thumbnails\/image\/2025\/10\/05\/0g0a3029.jpg?itok=utkgtizD\" data-icon=\"\" src=\"\/sites\/default\/files\/thumbnails\/image\/loading_v2.gif\" alt=\"\" title=\"\"><img decoding=\"async\" data-title=\"Ato pelo fim do genoc\u00eddio palestino na Paulista\" data-big=\"https:\/\/imagens.ebc.com.br\/zB_wtazKsYO3vjZe79HZdgrAkpo=\/1024x768\/https:\/\/agenciabrasil.ebc.com.br\/sites\/default\/files\/thumbnails\/image\/2025\/10\/05\/0g0a3029.jpg?itok=3tUcBRXp\" data-authors=\"Rovena Rosa\/Ag\u00eancia Brasil\" data-description=\"\" src=\"https:\/\/imagens.ebc.com.br\/NMKb4aDGEE21TqO-s_UfIYanmrA=\/48x0\/smart\/https:\/\/agenciabrasil.ebc.com.br\/sites\/default\/files\/thumbnails\/image\/2025\/10\/05\/0g0a3029.jpg?itok=utkgtizD\" alt=\"\" title=\"\"><\/a> <a href=\"https:\/\/imagens.ebc.com.br\/IWgCJ1cIojEZR5JHxDoGQd4iJpc=\/754x0\/smart\/https:\/\/agenciabrasil.ebc.com.br\/sites\/default\/files\/thumbnails\/image\/2025\/10\/05\/0g0a2885.jpg?itok=5_tWTB0p\"><img decoding=\"async\" data-title=\"Ato pelo fim do genoc\u00eddio palestino na Paulista\" data-big=\"https:\/\/imagens.ebc.com.br\/DLrojBgMZ6xRGe2QLudJg_P9pgQ=\/1024x768\/https:\/\/agenciabrasil.ebc.com.br\/sites\/default\/files\/thumbnails\/image\/2025\/10\/05\/0g0a2885.jpg?itok=VUdqA3Ld\" data-authors=\"Rovena Rosa\/Ag\u00eancia Brasil\" data-description=\"\" data-echo=\"https:\/\/imagens.ebc.com.br\/cRTh8FlzScCJWXSNzM7bGDFfxaw=\/48x0\/smart\/https:\/\/agenciabrasil.ebc.com.br\/sites\/default\/files\/thumbnails\/image\/2025\/10\/05\/0g0a2885.jpg?itok=GFpU7i-I\" data-icon=\"\" src=\"\/sites\/default\/files\/thumbnails\/image\/loading_v2.gif\" alt=\"\" title=\"\"><img decoding=\"async\" data-title=\"Ato pelo fim do genoc\u00eddio palestino na Paulista\" data-big=\"https:\/\/imagens.ebc.com.br\/DLrojBgMZ6xRGe2QLudJg_P9pgQ=\/1024x768\/https:\/\/agenciabrasil.ebc.com.br\/sites\/default\/files\/thumbnails\/image\/2025\/10\/05\/0g0a2885.jpg?itok=VUdqA3Ld\" data-authors=\"Rovena Rosa\/Ag\u00eancia Brasil\" data-description=\"\" src=\"https:\/\/imagens.ebc.com.br\/cRTh8FlzScCJWXSNzM7bGDFfxaw=\/48x0\/smart\/https:\/\/agenciabrasil.ebc.com.br\/sites\/default\/files\/thumbnails\/image\/2025\/10\/05\/0g0a2885.jpg?itok=GFpU7i-I\" alt=\"\" title=\"\"><\/a> <a href=\"https:\/\/imagens.ebc.com.br\/74-tHCChloUmIN39zRxGo-4J3Ok=\/754x0\/smart\/https:\/\/agenciabrasil.ebc.com.br\/sites\/default\/files\/thumbnails\/image\/2025\/10\/05\/0g0a2995.jpg?itok=hJ8-g5Jn\"><img decoding=\"async\" data-title=\"Ato pelo fim do genoc\u00eddio palestino na Paulista\" data-big=\"https:\/\/imagens.ebc.com.br\/4AydjrlGT5OgMKLmY4Qg5jPRubo=\/1024x768\/https:\/\/agenciabrasil.ebc.com.br\/sites\/default\/files\/thumbnails\/image\/2025\/10\/05\/0g0a2995.jpg?itok=muB2faLJ\" data-authors=\"Rovena Rosa\/Ag\u00eancia Brasil\" data-description=\"\" data-echo=\"https:\/\/imagens.ebc.com.br\/y5Da7Y7fi3N7Jy9mVWQW77Esylg=\/48x0\/smart\/https:\/\/agenciabrasil.ebc.com.br\/sites\/default\/files\/thumbnails\/image\/2025\/10\/05\/0g0a2995.jpg?itok=bouOEXPX\" data-icon=\"\" src=\"\/sites\/default\/files\/thumbnails\/image\/loading_v2.gif\" alt=\"\" title=\"\"><img decoding=\"async\" data-title=\"Ato pelo fim do genoc\u00eddio palestino na Paulista\" data-big=\"https:\/\/imagens.ebc.com.br\/4AydjrlGT5OgMKLmY4Qg5jPRubo=\/1024x768\/https:\/\/agenciabrasil.ebc.com.br\/sites\/default\/files\/thumbnails\/image\/2025\/10\/05\/0g0a2995.jpg?itok=muB2faLJ\" data-authors=\"Rovena Rosa\/Ag\u00eancia Brasil\" data-description=\"\" src=\"https:\/\/imagens.ebc.com.br\/y5Da7Y7fi3N7Jy9mVWQW77Esylg=\/48x0\/smart\/https:\/\/agenciabrasil.ebc.com.br\/sites\/default\/files\/thumbnails\/image\/2025\/10\/05\/0g0a2995.jpg?itok=bouOEXPX\" alt=\"\" title=\"\"><\/a> <a href=\"https:\/\/imagens.ebc.com.br\/2vqK2twT1zbXRY9mSEZg7DgpqQc=\/754x0\/smart\/https:\/\/agenciabrasil.ebc.com.br\/sites\/default\/files\/thumbnails\/image\/2025\/10\/05\/0g0a2766.jpg?itok=UaYQIQu-\"><img decoding=\"async\" data-title=\"Ato pelo fim do genoc\u00eddio palestino na Paulista\" data-big=\"https:\/\/imagens.ebc.com.br\/DWa5nKd6FN4mNBW9z7Oy9ECbI-E=\/1024x768\/https:\/\/agenciabrasil.ebc.com.br\/sites\/default\/files\/thumbnails\/image\/2025\/10\/05\/0g0a2766.jpg?itok=esHpQhza\" data-authors=\"Rovena Rosa\/Ag\u00eancia Brasil\" data-description=\"\" data-echo=\"https:\/\/imagens.ebc.com.br\/QyGLg6Qu1xKEU7nBaaZ3LScgJdk=\/48x0\/smart\/https:\/\/agenciabrasil.ebc.com.br\/sites\/default\/files\/thumbnails\/image\/2025\/10\/05\/0g0a2766.jpg?itok=CZhLT6Gu\" data-icon=\"\" src=\"\/sites\/default\/files\/thumbnails\/image\/loading_v2.gif\" alt=\"\" title=\"\"><img decoding=\"async\" data-title=\"Ato pelo fim do genoc\u00eddio palestino na Paulista\" data-big=\"https:\/\/imagens.ebc.com.br\/DWa5nKd6FN4mNBW9z7Oy9ECbI-E=\/1024x768\/https:\/\/agenciabrasil.ebc.com.br\/sites\/default\/files\/thumbnails\/image\/2025\/10\/05\/0g0a2766.jpg?itok=esHpQhza\" data-authors=\"Rovena Rosa\/Ag\u00eancia Brasil\" data-description=\"\" src=\"https:\/\/imagens.ebc.com.br\/QyGLg6Qu1xKEU7nBaaZ3LScgJdk=\/48x0\/smart\/https:\/\/agenciabrasil.ebc.com.br\/sites\/default\/files\/thumbnails\/image\/2025\/10\/05\/0g0a2766.jpg?itok=CZhLT6Gu\" alt=\"\" title=\"\"><\/a> <a href=\"https:\/\/imagens.ebc.com.br\/OGz_eyqTJKUfuvq38JEaTzROjc0=\/754x0\/smart\/https:\/\/agenciabrasil.ebc.com.br\/sites\/default\/files\/thumbnails\/image\/2025\/10\/05\/0g0a2813.jpg?itok=7liPttiq\"><img decoding=\"async\" data-title=\"Ato pelo fim do genoc\u00eddio palestino na Paulista\" data-big=\"https:\/\/imagens.ebc.com.br\/pKEnVSbRP3kBeVm7uS5ZYqAgVeg=\/1024x768\/https:\/\/agenciabrasil.ebc.com.br\/sites\/default\/files\/thumbnails\/image\/2025\/10\/05\/0g0a2813.jpg?itok=UyYBE61U\" data-authors=\"Rovena Rosa\/Ag\u00eancia Brasil\" data-description=\"\" data-echo=\"https:\/\/imagens.ebc.com.br\/survgA88s49dAB1kIRrUYmMePNI=\/48x0\/smart\/https:\/\/agenciabrasil.ebc.com.br\/sites\/default\/files\/thumbnails\/image\/2025\/10\/05\/0g0a2813.jpg?itok=53skpFDx\" data-icon=\"\" src=\"\/sites\/default\/files\/thumbnails\/image\/loading_v2.gif\" alt=\"\" title=\"\"><img decoding=\"async\" data-title=\"Ato pelo fim do genoc\u00eddio palestino na Paulista\" data-big=\"https:\/\/imagens.ebc.com.br\/pKEnVSbRP3kBeVm7uS5ZYqAgVeg=\/1024x768\/https:\/\/agenciabrasil.ebc.com.br\/sites\/default\/files\/thumbnails\/image\/2025\/10\/05\/0g0a2813.jpg?itok=UyYBE61U\" data-authors=\"Rovena Rosa\/Ag\u00eancia Brasil\" data-description=\"\" src=\"https:\/\/imagens.ebc.com.br\/survgA88s49dAB1kIRrUYmMePNI=\/48x0\/smart\/https:\/\/agenciabrasil.ebc.com.br\/sites\/default\/files\/thumbnails\/image\/2025\/10\/05\/0g0a2813.jpg?itok=53skpFDx\" alt=\"\" title=\"\"><\/a> <\/div>\n<p> <!-- END scald=439431 --><\/div>\n<div class=\"dnd-caption-wrapper\">\n<div class=\"meta\"><!--copyright=439431-->Galeria &#8211; Ato pro palestina em S\u00e3o Paulo &#8211; Rovena Rosa\/Ag\u00eancia Brasil<!--END copyright=439431--><\/div><\/div>\n<\/div>\n<p>\u00a0<\/p>\n","protected":false},"excerpt":{"rendered":"<p>Em mais um ato pr\u00f3-palestina no centro de S\u00e3o Paulo, alguns milhares de manifestantes demonstraram solidariedade aos ativistas presos nesta semana por Israel enquanto tentavam romper o bloqueio naval imposto \u00e0 regi\u00e3o da Faixa de Gaza. Eles ainda denunciaram a postura violenta da marinha israelense e pediram um posicionamento mais firme do governo brasileiro para [&hellip;]<\/p>\n","protected":false},"author":1,"featured_media":1033,"comment_status":"open","ping_status":"open","sticky":false,"template":"","format":"standard","meta":{"footnotes":""},"categories":[22],"tags":[],"class_list":["post-1032","post","type-post","status-publish","format-standard","has-post-thumbnail","hentry","category-internacional"],"_links":{"self":[{"href":"https:\/\/newsabsoluto.com.br\/index.php?rest_route=\/wp\/v2\/posts\/1032","targetHints":{"allow":["GET"]}}],"collection":[{"href":"https:\/\/newsabsoluto.com.br\/index.php?rest_route=\/wp\/v2\/posts"}],"about":[{"href":"https:\/\/newsabsoluto.com.br\/index.php?rest_route=\/wp\/v2\/types\/post"}],"author":[{"embeddable":true,"href":"https:\/\/newsabsoluto.com.br\/index.php?rest_route=\/wp\/v2\/users\/1"}],"replies":[{"embeddable":true,"href":"https:\/\/newsabsoluto.com.br\/index.php?rest_route=%2Fwp%2Fv2%2Fcomments&post=1032"}],"version-history":[{"count":0,"href":"https:\/\/newsabsoluto.com.br\/index.php?rest_route=\/wp\/v2\/posts\/1032\/revisions"}],"wp:featuredmedia":[{"embeddable":true,"href":"https:\/\/newsabsoluto.com.br\/index.php?rest_route=\/wp\/v2\/media\/1033"}],"wp:attachment":[{"href":"https:\/\/newsabsoluto.com.br\/index.php?rest_route=%2Fwp%2Fv2%2Fmedia&parent=1032"}],"wp:term":[{"taxonomy":"category","embeddable":true,"href":"https:\/\/newsabsoluto.com.br\/index.php?rest_route=%2Fwp%2Fv2%2Fcategories&post=1032"},{"taxonomy":"post_tag","embeddable":true,"href":"https:\/\/newsabsoluto.com.br\/index.php?rest_route=%2Fwp%2Fv2%2Ftags&post=1032"}],"curies":[{"name":"wp","href":"https:\/\/api.w.org\/{rel}","templated":true}]}}