{"id":1014,"date":"2025-10-04T15:30:00","date_gmt":"2025-10-04T15:30:00","guid":{"rendered":"https:\/\/newsabsoluto.com.br\/?p=1014"},"modified":"2025-10-04T15:30:00","modified_gmt":"2025-10-04T15:30:00","slug":"italia-anuncia-saida-de-israel-do-1o-grupo-de-26-ativistas-da-flotilha","status":"publish","type":"post","link":"https:\/\/newsabsoluto.com.br\/?p=1014","title":{"rendered":"It\u00e1lia anuncia sa\u00edda de Israel do 1\u00ba grupo de 26 ativistas da flotilha"},"content":{"rendered":"<p style=\"text-align:center\"><a class=\"\" href=\"https:\/\/agenciabrasil.ebc.com.br\/internacional\/noticia\/2025-10\/italia-anuncia-saida-de-israel-do-1o-grupo-de-26-ativistas-da-flotilha\"> <img decoding=\"async\" src=\"https:\/\/cdn.jsdelivr.net\/gh\/sergiosdlima\/assets-ebc@1.0.0\/abr\/assets\/images\/logo-agenciabrasil.svg\" alt=\"Logo Ag\u00eancia Brasil\" style=\"height: 54px\"> <\/a><\/p>\n<p><strong>Um primeiro grupo de italianos detidos em Israel que integravam a Flotilha Global Sumud, abordada pelos israelenses quando tentavam chegar a Gaza, vai regressar hoje (4) \u00e0 It\u00e1lia, anunciou o ministro dos Neg\u00f3cios Estrangeiros.<\/strong><img decoding=\"async\" src=\"https:\/\/agenciabrasil.ebc.com.br\/ebc.png?id=1661373&amp;o=rss\" style=\"width:1px;height:1px\"><img decoding=\"async\" src=\"https:\/\/agenciabrasil.ebc.com.br\/ebc.gif?id=1661373&amp;o=rss\" style=\"width:1px;height:1px\"> <\/p>\n<p>O grupo \u00e9 composto por 26 ativistas italianos que assinaram o documento de expuls\u00e3o volunt\u00e1ria e &#8220;est\u00e3o prestes&#8221; a abandonar o territ\u00f3rio israelense a bordo de um voo fretado para Istambul, declarou Antonio Tajani nas redes sociais.<\/p>\n<h3>Not\u00edcias relacionadas:<\/h3>\n<ul>\n<li><a href=\"https:\/\/agenciabrasil.ebc.com.br\/internacional\/noticia\/2025-10\/flotilha-global-sumud-ultima-embarcacao-e-capturada-por-israel\">Flotilha\u00a0Global Sumud: \u00faltima embarca\u00e7\u00e3o \u00e9 capturada por Israel.<\/a><\/li>\n<li><a href=\"https:\/\/agenciabrasil.ebc.com.br\/internacional\/noticia\/2025-10\/brasil-cobra-de-israel-libertacao-de-brasileiros-detidos-em-flotilha\">Brasil cobra de Israel liberta\u00e7\u00e3o de brasileiros detidos em flotilha .<\/a><\/li>\n<li><a href=\"https:\/\/agenciabrasil.ebc.com.br\/internacional\/noticia\/2025-10\/protestos-europeus-fecham-ruas-apos-bloqueio-de-flotilha-por-israel\">Protestos europeus fecham ruas ap\u00f3s bloqueio de flotilha por Israel.<\/a><\/li>\n<\/ul>\n<p><strong>Os 26 italianos j\u00e1 foram transferidos para a base a\u00e9rea israelense de Ramon (sul) e v\u00e3o deixar Israel pelo aeroporto de Eilat<\/strong>. Mais 15 italianos v\u00e3o permanecer em Israel, j\u00e1 que optaram por n\u00e3o assinar o documento de expuls\u00e3o volunt\u00e1ria oferecido pelas autoridades locais. <\/p>\n<blockquote>\n<p>&#8220;Ter\u00e3o de aguardar pela expuls\u00e3o por via judicial, que ocorrer\u00e1 na pr\u00f3xima semana&#8221;, afirmou Tajani, solicitando \u00e0 embaixada italiana em Tel Aviv que &#8220;garanta que os seus cidad\u00e3os sejam tratados com respeito, de acordo com os seus direitos&#8221;.<\/p>\n<\/blockquote>\n<p><strong>Nessa sexta-feira (3) \u00e0 tarde, quatro pol\u00edticos de esquerda, opositores do governo da primeira-ministra italiana, Giorgia Meloni, que embarcaram na flotilha, chegaram a Roma.<\/strong><\/p>\n<p>As <strong>autoridades israelenses detiveram cerca de 450 ativistas que viajavam a bordo da Flotilha Global Sumud &#8211; abordada na noite de quarta-feira quando tentava chegar a Gaza com ajuda humanit\u00e1ria e quebrar o bloqueio israelense ao enclave palestiniano -, na pris\u00e3o de Saharonim, no deserto.<\/strong><\/p>\n<p>As autoridades do Chipre informaram hoje que duas embarca\u00e7\u00f5es que participaram da flotilha atracaram nos portos cipriotas nas \u00faltimas horas, depois de terem solicitado autoriza\u00e7\u00e3o para abastecimento e assist\u00eancia humanit\u00e1ria.<\/p>\n<p><strong>A primeira embarca\u00e7\u00e3o, cujo nome n\u00e3o foi divulgado, com 21 ativistas de v\u00e1rias nacionalidades a bordo, chegou ao porto de Larnaca na noite de quinta-feira (2), ap\u00f3s mais de quatro horas de navega\u00e7\u00e3o em condi\u00e7\u00f5es dif\u00edceis.<\/strong><\/p>\n<p>O barco permaneceu sob vigil\u00e2ncia da pol\u00edcia e das patrulhas mar\u00edtimas at\u00e9, pelo menos, na noite de sexta-feira. \u00c0 chegada, uma equipe m\u00e9dica tratou duas pessoas com problemas de sa\u00fade, sem necessidade de hospitaliza\u00e7\u00e3o.<\/p>\n<p>Na tarde de sexta-feira, uma segunda embarca\u00e7\u00e3o da Flotilha foi autorizada a atracar no porto de Pafos. Segundo o diretor-geral da Autoridade Portu\u00e1ria do Chipre, Anthimos Christodoulides, a embarca\u00e7\u00e3o chama-se Seiren e tem 10 pessoas a bordo. A ag\u00eancia de not\u00edcias cipriota<em> CNA<\/em> informou que o navio de bandeira italiana vai sair hoje do porto cipriota.<\/p>\n<p><em>*\u00c9 proibida a reprodu\u00e7\u00e3o deste conte\u00fado.<\/em><\/p>\n","protected":false},"excerpt":{"rendered":"<p>Um primeiro grupo de italianos detidos em Israel que integravam a Flotilha Global Sumud, abordada pelos israelenses quando tentavam chegar a Gaza, vai regressar hoje (4) \u00e0 It\u00e1lia, anunciou o ministro dos Neg\u00f3cios Estrangeiros. O grupo \u00e9 composto por 26 ativistas italianos que assinaram o documento de expuls\u00e3o volunt\u00e1ria e &#8220;est\u00e3o prestes&#8221; a abandonar o [&hellip;]<\/p>\n","protected":false},"author":1,"featured_media":1015,"comment_status":"open","ping_status":"open","sticky":false,"template":"","format":"standard","meta":{"footnotes":""},"categories":[22],"tags":[],"class_list":["post-1014","post","type-post","status-publish","format-standard","has-post-thumbnail","hentry","category-internacional"],"_links":{"self":[{"href":"https:\/\/newsabsoluto.com.br\/index.php?rest_route=\/wp\/v2\/posts\/1014","targetHints":{"allow":["GET"]}}],"collection":[{"href":"https:\/\/newsabsoluto.com.br\/index.php?rest_route=\/wp\/v2\/posts"}],"about":[{"href":"https:\/\/newsabsoluto.com.br\/index.php?rest_route=\/wp\/v2\/types\/post"}],"author":[{"embeddable":true,"href":"https:\/\/newsabsoluto.com.br\/index.php?rest_route=\/wp\/v2\/users\/1"}],"replies":[{"embeddable":true,"href":"https:\/\/newsabsoluto.com.br\/index.php?rest_route=%2Fwp%2Fv2%2Fcomments&post=1014"}],"version-history":[{"count":0,"href":"https:\/\/newsabsoluto.com.br\/index.php?rest_route=\/wp\/v2\/posts\/1014\/revisions"}],"wp:featuredmedia":[{"embeddable":true,"href":"https:\/\/newsabsoluto.com.br\/index.php?rest_route=\/wp\/v2\/media\/1015"}],"wp:attachment":[{"href":"https:\/\/newsabsoluto.com.br\/index.php?rest_route=%2Fwp%2Fv2%2Fmedia&parent=1014"}],"wp:term":[{"taxonomy":"category","embeddable":true,"href":"https:\/\/newsabsoluto.com.br\/index.php?rest_route=%2Fwp%2Fv2%2Fcategories&post=1014"},{"taxonomy":"post_tag","embeddable":true,"href":"https:\/\/newsabsoluto.com.br\/index.php?rest_route=%2Fwp%2Fv2%2Ftags&post=1014"}],"curies":[{"name":"wp","href":"https:\/\/api.w.org\/{rel}","templated":true}]}}