{"id":1008,"date":"2025-10-05T13:57:00","date_gmt":"2025-10-05T13:57:00","guid":{"rendered":"https:\/\/newsabsoluto.com.br\/?p=1008"},"modified":"2025-10-05T13:57:00","modified_gmt":"2025-10-05T13:57:00","slug":"guia-conecta-turistas-a-empreendedorismo-nas-favelas-do-rio","status":"publish","type":"post","link":"https:\/\/newsabsoluto.com.br\/?p=1008","title":{"rendered":"Guia conecta turistas a empreendedorismo nas favelas do Rio"},"content":{"rendered":"<p style=\"text-align:center\"><a class=\"\" href=\"https:\/\/agenciabrasil.ebc.com.br\/geral\/noticia\/2025-10\/guia-conecta-turistas-empreendedorismo-nas-favelas-do-rio\"> <img decoding=\"async\" src=\"https:\/\/cdn.jsdelivr.net\/gh\/sergiosdlima\/assets-ebc@1.0.0\/abr\/assets\/images\/logo-agenciabrasil.svg\" alt=\"Logo Ag\u00eancia Brasil\" style=\"height: 54px\"> <\/a><\/p>\n<p><strong>Dispon\u00edvel gratuitamente na internet, a publica\u00e7\u00e3o <em>Descubra a Favela &#8211; Um guia para viver as favelas de dentro <\/em>\u00e9 um texto que apresenta experi\u00eancias tur\u00edsticas em seis favelas da zona sul do Rio de Janeiro: Babil\u00f4nia, Vidigal, Rocinha, Pav\u00e3o Pav\u00e3ozinho, Dona Marta e Provid\u00eancia.<\/strong><img decoding=\"async\" src=\"https:\/\/agenciabrasil.ebc.com.br\/ebc.png?id=1661267&amp;o=rss\" style=\"width:1px;height:1px\"><img decoding=\"async\" src=\"https:\/\/agenciabrasil.ebc.com.br\/ebc.gif?id=1661267&amp;o=rss\" style=\"width:1px;height:1px\"> <\/p>\n<p>O guia mapeia locais de lazer e gastronomia em morros do Rio. A publica\u00e7\u00e3o conecta visitantes aos empreendedores das comunidades, e se prop\u00f5e a promover a economia criativa e o protagonismo dos moradores. Para acessar, <a href=\"https:\/\/institutoaupaba.org\/projeto\/guia-das-favelas-aupaba\/\" target=\"_blank\">clique aqui <\/a><\/p>\n<h3>Not\u00edcias relacionadas:<\/h3>\n<ul>\n<li><a href=\"https:\/\/agenciabrasil.ebc.com.br\/justica\/noticia\/2024-11\/stf-inicia-analise-da-adpf-das-favelas-do-rio-de-janeiro\">STF inicia an\u00e1lise da ADPF das favelas do Rio de Janeiro.<\/a><\/li>\n<li><a href=\"https:\/\/agenciabrasil.ebc.com.br\/direitos-humanos\/noticia\/2025-08\/cufa-lanca-instituto-de-pesquisas-cooperativo-com-foco-em-favelas\">Cufa lan\u00e7a instituto de pesquisas cooperativo com foco em favelas .<\/a><\/li>\n<li><a href=\"https:\/\/agenciabrasil.ebc.com.br\/economia\/noticia\/2025-07\/tendencia-de-consumo-em-favelas-foge-de-estereotipo-da-pobreza-extrema\">Tend\u00eancia de consumo em favelas foge de estere\u00f3tipo da pobreza extrema.<\/a><\/li>\n<\/ul>\n<p>Entre os neg\u00f3cios rastreados pelo guia est\u00e1 o coletivo <em>N\u00f3s do Croch\u00ea<\/em>, projeto de capacita\u00e7\u00e3o profissional para mulheres na Rocinha. Dayanne Albuquerque, assistente administrativa do grupo, celebra a visibilidade proporcionada pela publica\u00e7\u00e3o. <\/p>\n<blockquote>\n<p>&#8220;Estar presente em um projeto como esse amplia a nossa visibilidade, conecta o nosso trabalho a um p\u00fablico mais diverso e fortalece a valoriza\u00e7\u00e3o das iniciativas que nascem dentro das comunidades. O guia nos ajuda a mostrar que o croch\u00ea vai muito al\u00e9m de um produto: ele carrega hist\u00f3rias, afeto e a transforma\u00e7\u00e3o social que vivemos todos os dias no ateli\u00ea&#8221;, descreve.<\/p>\n<\/blockquote>\n<p><strong>Tamb\u00e9m \u00e9 explicado no guia o projeto Favela Org\u00e2nica, criado pela chef Regina Tchelly h\u00e1 14 anos. A atividade promove o consumo consciente e a redu\u00e7\u00e3o do desperd\u00edcio de alimentos nas comunidades da Babil\u00f4nia e do Chap\u00e9u Mangueira, al\u00e9m de prestar servi\u00e7os em outros estados e pa\u00edses.<\/strong><\/p>\n<h2>Empreendimento<\/h2>\n<p><strong>O guia foi criado pelo Instituto Aupaba, e \u00e9 publicado no contexto onde o empreendedorismo \u00e9 marca registrada das comunidades cariocas. Segundo pesquisa do Instituto Data Favela (2023), cerca de 40% dos moradores de favelas possuem pequenos empreendimentos pr\u00f3prios.<\/strong><\/p>\n<blockquote>\n<p>&#8220;A for\u00e7a do empreendedorismo das favelas tamb\u00e9m coloca o carioca como parte desse contexto de consumo, de participa\u00e7\u00e3o coletiva, onde todos s\u00e3o convidados a frequentar as favelas na medida em que esses servi\u00e7os s\u00e3o interessantes de serem consumidos e reconhecidos, tanto quanto o asfalto&#8221;, destaca Luciana de Lamare, presidente e cofundadora do Instituto Aupaba &#8211; organiza\u00e7\u00e3o sem fins lucrativos que atua na promo\u00e7\u00e3o do turismo como ferramenta de transforma\u00e7\u00e3o social e econ\u00f4mica.<\/p>\n<\/blockquote>\n<p>Para ela, o guia funciona como instrumento de integra\u00e7\u00e3o urbana e ferramenta de escuta para pol\u00edticas p\u00fablicas.<\/p>\n<p><strong>&#8220;A ideia \u00e9 gerar maior integra\u00e7\u00e3o entre o que est\u00e1 acontecendo na favela e o que est\u00e1 acontecendo no asfalto, e melhorar a percep\u00e7\u00e3o do microempreendedor num contexto comunit\u00e1rio. Na medida em que mapeamos as necessidades, conseguimos fazer um <em>advocacy <\/em>[mobiliza\u00e7\u00e3o em defesa de uma causa] a partir dessa escuta, do que eles precisam, e n\u00e3o do que a gente acha que eles precisam&#8221;, assegura.<\/strong><\/p>\n<p>\u201c<em>Descubra a Favela &#8211; Um guia para viver as favelas de dentro<\/em>&#8221; atende a p\u00fablicos do Brasil e do exterior, pode ser lido em portugu\u00eas, ingl\u00eas e espanhol.<\/p>\n<p><em>*Estagi\u00e1ria sob orienta\u00e7\u00e3o do jornalista Gilberto Costa<\/em><\/p>\n<p>\u00a0<\/p>\n","protected":false},"excerpt":{"rendered":"<p>Dispon\u00edvel gratuitamente na internet, a publica\u00e7\u00e3o Descubra a Favela &#8211; Um guia para viver as favelas de dentro \u00e9 um texto que apresenta experi\u00eancias tur\u00edsticas em seis favelas da zona sul do Rio de Janeiro: Babil\u00f4nia, Vidigal, Rocinha, Pav\u00e3o Pav\u00e3ozinho, Dona Marta e Provid\u00eancia. O guia mapeia locais de lazer e gastronomia em morros do [&hellip;]<\/p>\n","protected":false},"author":1,"featured_media":1009,"comment_status":"open","ping_status":"open","sticky":false,"template":"","format":"standard","meta":{"footnotes":""},"categories":[7],"tags":[],"class_list":["post-1008","post","type-post","status-publish","format-standard","has-post-thumbnail","hentry","category-geral"],"_links":{"self":[{"href":"https:\/\/newsabsoluto.com.br\/index.php?rest_route=\/wp\/v2\/posts\/1008","targetHints":{"allow":["GET"]}}],"collection":[{"href":"https:\/\/newsabsoluto.com.br\/index.php?rest_route=\/wp\/v2\/posts"}],"about":[{"href":"https:\/\/newsabsoluto.com.br\/index.php?rest_route=\/wp\/v2\/types\/post"}],"author":[{"embeddable":true,"href":"https:\/\/newsabsoluto.com.br\/index.php?rest_route=\/wp\/v2\/users\/1"}],"replies":[{"embeddable":true,"href":"https:\/\/newsabsoluto.com.br\/index.php?rest_route=%2Fwp%2Fv2%2Fcomments&post=1008"}],"version-history":[{"count":0,"href":"https:\/\/newsabsoluto.com.br\/index.php?rest_route=\/wp\/v2\/posts\/1008\/revisions"}],"wp:featuredmedia":[{"embeddable":true,"href":"https:\/\/newsabsoluto.com.br\/index.php?rest_route=\/wp\/v2\/media\/1009"}],"wp:attachment":[{"href":"https:\/\/newsabsoluto.com.br\/index.php?rest_route=%2Fwp%2Fv2%2Fmedia&parent=1008"}],"wp:term":[{"taxonomy":"category","embeddable":true,"href":"https:\/\/newsabsoluto.com.br\/index.php?rest_route=%2Fwp%2Fv2%2Fcategories&post=1008"},{"taxonomy":"post_tag","embeddable":true,"href":"https:\/\/newsabsoluto.com.br\/index.php?rest_route=%2Fwp%2Fv2%2Ftags&post=1008"}],"curies":[{"name":"wp","href":"https:\/\/api.w.org\/{rel}","templated":true}]}}