{"id":1002,"date":"2025-10-05T09:45:00","date_gmt":"2025-10-05T09:45:00","guid":{"rendered":"https:\/\/newsabsoluto.com.br\/?p=1002"},"modified":"2025-10-05T09:45:00","modified_gmt":"2025-10-05T09:45:00","slug":"tres-rios-escolhe-neste-domingo-o-novo-prefeito-e-vice-prefeito","status":"publish","type":"post","link":"https:\/\/newsabsoluto.com.br\/?p=1002","title":{"rendered":"Tr\u00eas Rios escolhe neste domingo o novo prefeito e vice-prefeito"},"content":{"rendered":"<p style=\"text-align:center\"><a class=\"\" href=\"https:\/\/agenciabrasil.ebc.com.br\/politica\/noticia\/2025-10\/tres-rios-escolhe-neste-domingo-o-novo-prefeito-e-vice-prefeito\"> <img decoding=\"async\" src=\"https:\/\/cdn.jsdelivr.net\/gh\/sergiosdlima\/assets-ebc@1.0.0\/abr\/assets\/images\/logo-agenciabrasil.svg\" alt=\"Logo Ag\u00eancia Brasil\" style=\"height: 54px\"> <\/a><\/p>\n<p>Neste domingo (5), 61.308 eleitores do munic\u00edpio de Tr\u00eas Rios, no centro-sul Fluminense, voltam \u00e0s urnas para escolha do novo prefeito e vice-prefeito da cidade. <strong>Est\u00e3o aptos a votar no pleito suplementar aqueles que j\u00e1 tinham domic\u00edlio eleitoral na cidade em 7 de maio de 2025 e estejam em situa\u00e7\u00e3o regular com a Justi\u00e7a Eleitoral.<\/strong> Est\u00e3o na disputa cinco chapas e os eleitos exercer\u00e3o mandato at\u00e9 31 de dezembro de 2028. A vota\u00e7\u00e3o ser\u00e1 das 8h \u00e0s 17h.<img decoding=\"async\" src=\"https:\/\/agenciabrasil.ebc.com.br\/ebc.png?id=1661347&amp;o=rss\" style=\"width:1px;height:1px\"><img decoding=\"async\" src=\"https:\/\/agenciabrasil.ebc.com.br\/ebc.gif?id=1661347&amp;o=rss\" style=\"width:1px;height:1px\"> <\/p>\n<p>O Tribunal Superior Eleitoral (TSE) confirmou a inelegibilidade de Joacir Barbaglio Pereira (Republicanos), reeleito prefeito do munic\u00edpio de Tr\u00eas Rios nas elei\u00e7\u00f5es de 2024. Desse modo, os ministros determinaram a realiza\u00e7\u00e3o de nova elei\u00e7\u00e3o para os cargos de prefeito e vice-prefeito do munic\u00edpio, independentemente da publica\u00e7\u00e3o do ac\u00f3rd\u00e3o e da apresenta\u00e7\u00e3o de eventuais recursos. <strong>A decis\u00e3o un\u00e2nime ocorreu na sess\u00e3o do dia 1\u00ba de julho deste ano.<\/strong><\/p>\n<h3>Not\u00edcias relacionadas:<\/h3>\n<ul>\n<li><a href=\"https:\/\/agenciabrasil.ebc.com.br\/politica\/noticia\/2025-05\/ccj-do-senado-aprova-fim-da-reeleicao-para-cargos-do-executivo\">CCJ do Senado aprova fim da reelei\u00e7\u00e3o para cargos do Executivo.<\/a><\/li>\n<li><a href=\"https:\/\/agenciabrasil.ebc.com.br\/justica\/noticia\/2025-05\/mais-de-5-milhoes-de-eleitores-terao-titulo-cancelado-informa-tse\">Mais de 5 milh\u00f5es de eleitores ter\u00e3o t\u00edtulo cancelado, informa TSE.<\/a><\/li>\n<\/ul>\n<p><strong>O colegiado ratificou a decis\u00e3o do Tribunal Regional Eleitoral do Rio (TRE-RJ) que indeferiu o registro do candidato nas elei\u00e7\u00f5es de 2024 devido \u00e0 incid\u00eancia de causa de inelegibilidade decorrente da pr\u00e1tica de atos de improbidade administrativa.<\/strong> <\/p>\n<h2>Entenda o caso<\/h2>\n<p>Joacir Barbaglio teve as contas de gest\u00e3o como presidente da C\u00e2mara Municipal de Tr\u00eas Rios reprovadas pelo Tribunal de Contas do Estado (TCE), em 2019. Ele disputou a elei\u00e7\u00e3o sub judice e foi o mais votado nas elei\u00e7\u00f5es de 2024 para a prefeitura.<\/p>\n<p><strong>O candidato chegou a obter uma liminar suspendendo a decis\u00e3o do Tribunal de Contas do Estado (TCE) mas, como a mudan\u00e7a ocorreu ap\u00f3s o primeiro turno das elei\u00e7\u00f5es, n\u00e3o tem valor para suspender a inelegibilidade.<\/strong><\/p>\n<p>Ao acompanhar o voto do relator da a\u00e7\u00e3o no TSE, ministro Andr\u00e9 Mendon\u00e7a, o plen\u00e1rio reiterou que o caso de Tr\u00eas Rios \u00e9 semelhante ao ocorrido nas elei\u00e7\u00f5es de prefeito na cidade de Bandeirantes, S\u00e3o Paulo, em que a Corte, tamb\u00e9m por unanimidade, decidiu que vale a data do primeiro turno para que a documenta\u00e7\u00e3o apresentada por candidato esteja devidamente correta na Justi\u00e7a Eleitoral.<\/p>\n<h2>Candidatos<\/h2>\n<p>Os candidatos a prefeito que concorrem ao cargo s\u00e3o Anderson Bento de Medeiros, o professor Anderson Muri\u00e7oca, pelo Partido Renova\u00e7\u00e3o Democr\u00e1tica (PRD); Beatriz Retto Bogossian, a Bia Bogossian, pelo Partido Social Democr\u00e1tico (PSD); Jonas Mascarenhas Macedo (Podemos), o Jonas Dico, pela Coliga\u00e7\u00e3o Tr\u00eas Rios N\u00e3o Pode Parar (Podemos\/MDB); Jorge Luis de Almeida Junior, pelo Democracia Crist\u00e3 (DC); Juarez de Souza Pereira (Solidariedade), o Juarez da Sa\u00fade, pela Coliga\u00e7\u00e3o Tr\u00eas Rios Merece Mais (Solidariedade\/Novo).\u00a0<\/p>\n<h2>Boca de urna<\/h2>\n<p>No domingo, data da vota\u00e7\u00e3o, \u00e9 permitida a manifesta\u00e7\u00e3o individual e silenciosa dos eleitores, desde que n\u00e3o haja aglomera\u00e7\u00e3o de pessoas portando vestu\u00e1rio padronizado. <strong>Na data do pleito, constitui crime a boca de urna, o uso de alto-falantes e amplificadores de som, a promo\u00e7\u00e3o de com\u00edcio ou carreata, a divulga\u00e7\u00e3o de qualquer esp\u00e9cie de propaganda de partidos pol\u00edticos ou de seus candidatos.<\/strong><\/p>\n","protected":false},"excerpt":{"rendered":"<p>Neste domingo (5), 61.308 eleitores do munic\u00edpio de Tr\u00eas Rios, no centro-sul Fluminense, voltam \u00e0s urnas para escolha do novo prefeito e vice-prefeito da cidade. Est\u00e3o aptos a votar no pleito suplementar aqueles que j\u00e1 tinham domic\u00edlio eleitoral na cidade em 7 de maio de 2025 e estejam em situa\u00e7\u00e3o regular com a Justi\u00e7a Eleitoral. [&hellip;]<\/p>\n","protected":false},"author":1,"featured_media":1003,"comment_status":"open","ping_status":"open","sticky":false,"template":"","format":"standard","meta":{"footnotes":""},"categories":[12],"tags":[],"class_list":["post-1002","post","type-post","status-publish","format-standard","has-post-thumbnail","hentry","category-politica"],"_links":{"self":[{"href":"https:\/\/newsabsoluto.com.br\/index.php?rest_route=\/wp\/v2\/posts\/1002","targetHints":{"allow":["GET"]}}],"collection":[{"href":"https:\/\/newsabsoluto.com.br\/index.php?rest_route=\/wp\/v2\/posts"}],"about":[{"href":"https:\/\/newsabsoluto.com.br\/index.php?rest_route=\/wp\/v2\/types\/post"}],"author":[{"embeddable":true,"href":"https:\/\/newsabsoluto.com.br\/index.php?rest_route=\/wp\/v2\/users\/1"}],"replies":[{"embeddable":true,"href":"https:\/\/newsabsoluto.com.br\/index.php?rest_route=%2Fwp%2Fv2%2Fcomments&post=1002"}],"version-history":[{"count":0,"href":"https:\/\/newsabsoluto.com.br\/index.php?rest_route=\/wp\/v2\/posts\/1002\/revisions"}],"wp:featuredmedia":[{"embeddable":true,"href":"https:\/\/newsabsoluto.com.br\/index.php?rest_route=\/wp\/v2\/media\/1003"}],"wp:attachment":[{"href":"https:\/\/newsabsoluto.com.br\/index.php?rest_route=%2Fwp%2Fv2%2Fmedia&parent=1002"}],"wp:term":[{"taxonomy":"category","embeddable":true,"href":"https:\/\/newsabsoluto.com.br\/index.php?rest_route=%2Fwp%2Fv2%2Fcategories&post=1002"},{"taxonomy":"post_tag","embeddable":true,"href":"https:\/\/newsabsoluto.com.br\/index.php?rest_route=%2Fwp%2Fv2%2Ftags&post=1002"}],"curies":[{"name":"wp","href":"https:\/\/api.w.org\/{rel}","templated":true}]}}